{"id":54257,"date":"2025-03-25T15:15:20","date_gmt":"2025-03-25T15:15:20","guid":{"rendered":"https:\/\/www.ccof.org\/?p=54257"},"modified":"2025-03-28T18:34:10","modified_gmt":"2025-03-28T18:34:10","slug":"recap-2025-california-small-farm-conference","status":"publish","type":"post","link":"https:\/\/ccof.org\/es\/news\/recap-2025-california-small-farm-conference\/","title":{"rendered":"Recapitulaci\u00f3n: Conferencia sobre Peque\u00f1as Explotaciones Agr\u00edcolas de California 2025"},"content":{"rendered":"<p>See the CCOF Foundation in Action! Recordings from the 2025 California Small Farm Conference are now available on the <strong><a href=\"https:\/\/www.youtube.com\/watch?v=n7AOAh9kj4k&amp;list=PLZUin76taTH93tCr9XZHTYeEJQDi6MmU4\">Community Alliance with Family Farmers (CAFF) YouTube channel<\/a><\/strong>.<\/p>\n<p>This year\u2019s conference featured insightful discussions on organic farming, including a special session where TOPP Organic Mentor Justin Miller of <strong><a href=\"https:\/\/nam11.safelinks.protection.outlook.com\/?url=https%3A%2F%2Fwww.twinpeaksorchards.net%2F&amp;data=05%7C02%7Cgdenker%40ccof.org%7C71d772da2f2e40fd819c08dd663965c2%7C27a1d74268f049bf98214e54e162f4cc%7C1%7C0%7C638779118914011671%7CUnknown%7CTWFpbGZsb3d8eyJFbXB0eU1hcGkiOnRydWUsIlYiOiIwLjAuMDAwMCIsIlAiOiJXaW4zMiIsIkFOIjoiTWFpbCIsIldUIjoyfQ%3D%3D%7C0%7C%7C%7C&amp;sdata=So2V53BOXoFVVx%2FHsnZKCnD5tmlDlgy14O%2FDfkhVyzU%3D&amp;reserved=0\">Twin Peaks Orchards<\/a><\/strong> and mentee Robert Hoze of <strong><a href=\"https:\/\/nam11.safelinks.protection.outlook.com\/?url=https%3A%2F%2Fwww.applecreekvineyard.com%2F&amp;data=05%7C02%7Cgdenker%40ccof.org%7C71d772da2f2e40fd819c08dd663965c2%7C27a1d74268f049bf98214e54e162f4cc%7C1%7C0%7C638779118914025102%7CUnknown%7CTWFpbGZsb3d8eyJFbXB0eU1hcGkiOnRydWUsIlYiOiIwLjAuMDAwMCIsIlAiOiJXaW4zMiIsIkFOIjoiTWFpbCIsIldUIjoyfQ%3D%3D%7C0%7C%7C%7C&amp;sdata=Sy%2Bp9tteykXQPEoWeh3Wkf3AX%2Bwebcbwi07J6qXXAwY%3D&amp;reserved=0\">Apple Creek Vineyard Farm and Nursery<\/a><\/strong> shared their mentorship experience with our Education Manager, Molly Nakahara. [<strong><a href=\"https:\/\/youtu.be\/XQTrtAigc5s?si=CUS-6P0sw3KxrTrK\">Watch the full session here<\/a><\/strong>.]<\/p>\n<p>For Spanish-speaking producers, Organic Technical Specialists Brian Coltrin and Jennifer Nunez provided a step-by-step walkthrough of the organic certification process in Spanish. [<strong><a href=\"https:\/\/youtu.be\/uBedWXM35cg?si=MJ2eBOiPAO5P28nM\">Watch the full session here<\/a><\/strong>.]<\/p>\n<p>Additional workshops covering essential topics for small and organic farmers:<\/p>\n<ul>\n<li>How to Prepare for Organic Inspection<\/li>\n<li>Organic Practices for Citrus and Avocado Growers<\/li>\n<li>Small Scale Composting<\/li>\n<li>Organic IPM for Vegetables<\/li>\n<li>And more!<\/li>\n<\/ul>\n<p>Thank you, CAFF, for another fabulous farm conference!<\/p>\n","protected":false},"excerpt":{"rendered":"<p>\u00a1Vea a la Fundaci\u00f3n CCOF en acci\u00f3n! Grabaciones de la 2025 California Small Farm ...<\/p>","protected":false},"author":18,"featured_media":54258,"comment_status":"closed","ping_status":"closed","sticky":false,"template":"","format":"standard","meta":{"_acf_changed":false,"_relevanssi_hide_post":"","_relevanssi_hide_content":"","_relevanssi_pin_for_all":"","_relevanssi_pin_keywords":"","_relevanssi_unpin_keywords":"","_relevanssi_related_keywords":"","_relevanssi_related_include_ids":"0","_relevanssi_related_exclude_ids":"","_relevanssi_related_no_append":"","_relevanssi_related_not_related":"","_relevanssi_related_posts":"33965,33589,51486,46231,33457,33242,33683,39133,33652,33631","_relevanssi_noindex_reason":"","footnotes":""},"categories":[11466,111],"class_list":["post-54257","post","type-post","status-publish","format-standard","has-post-thumbnail","hentry","category-events","category-foundation-news","foundation_topics-events","foundation_topics-partners"],"acf":[],"yoast_head":"<!-- This site is optimized with the Yoast SEO plugin v27.3 - https:\/\/yoast.com\/product\/yoast-seo-wordpress\/ -->\n<title>Recap: 2025 California Small Farm Conference - CCOF.org<\/title>\n<meta name=\"robots\" content=\"index, follow, max-snippet:-1, max-image-preview:large, max-video-preview:-1\" \/>\n<link rel=\"canonical\" href=\"https:\/\/ccof.org\/es\/news\/recap-2025-california-small-farm-conference\/\" \/>\n<meta property=\"og:locale\" content=\"es_MX\" \/>\n<meta property=\"og:type\" content=\"article\" \/>\n<meta property=\"og:title\" content=\"Recap: 2025 California Small Farm Conference - CCOF.org\" \/>\n<meta property=\"og:description\" content=\"See the CCOF Foundation in Action! Recordings from the 2025 California Small Farm &hellip;\" \/>\n<meta property=\"og:url\" content=\"https:\/\/ccof.org\/es\/news\/recap-2025-california-small-farm-conference\/\" \/>\n<meta property=\"og:site_name\" content=\"CCOF.org\" \/>\n<meta property=\"article:publisher\" content=\"https:\/\/www.facebook.com\/CCOForganic\" \/>\n<meta property=\"article:published_time\" content=\"2025-03-25T15:15:20+00:00\" \/>\n<meta property=\"article:modified_time\" content=\"2025-03-28T18:34:10+00:00\" \/>\n<meta property=\"og:image\" content=\"https:\/\/ccof.org\/wp-content\/uploads\/2025\/03\/Screenshot-2025-03-25-at-9.08.05\u202fAM-e1742915365539-1024x421.png\" \/>\n\t<meta property=\"og:image:width\" content=\"1024\" \/>\n\t<meta property=\"og:image:height\" content=\"421\" \/>\n\t<meta property=\"og:image:type\" content=\"image\/png\" \/>\n<meta name=\"author\" content=\"Christina Adams\" \/>\n<meta name=\"twitter:card\" content=\"summary_large_image\" \/>\n<meta name=\"twitter:label1\" content=\"Written by\" \/>\n\t<meta name=\"twitter:data1\" content=\"Christina Adams\" \/>\n\t<meta name=\"twitter:label2\" content=\"Est. reading time\" \/>\n\t<meta name=\"twitter:data2\" content=\"1 minute\" \/>\n<script type=\"application\/ld+json\" class=\"yoast-schema-graph\">{\"@context\":\"https:\\\/\\\/schema.org\",\"@graph\":[{\"@type\":\"Article\",\"@id\":\"https:\\\/\\\/ccof.org\\\/news\\\/recap-2025-california-small-farm-conference\\\/#article\",\"isPartOf\":{\"@id\":\"https:\\\/\\\/ccof.org\\\/news\\\/recap-2025-california-small-farm-conference\\\/\"},\"author\":{\"name\":\"Christina Adams\",\"@id\":\"https:\\\/\\\/www.ccof.org\\\/#\\\/schema\\\/person\\\/be78be4fc4c4ac424b7d0539932eb93a\"},\"headline\":\"Recap: 2025 California Small Farm Conference\",\"datePublished\":\"2025-03-25T15:15:20+00:00\",\"dateModified\":\"2025-03-28T18:34:10+00:00\",\"mainEntityOfPage\":{\"@id\":\"https:\\\/\\\/ccof.org\\\/news\\\/recap-2025-california-small-farm-conference\\\/\"},\"wordCount\":148,\"publisher\":{\"@id\":\"https:\\\/\\\/www.ccof.org\\\/#organization\"},\"image\":{\"@id\":\"https:\\\/\\\/ccof.org\\\/news\\\/recap-2025-california-small-farm-conference\\\/#primaryimage\"},\"thumbnailUrl\":\"https:\\\/\\\/ccof.org\\\/wp-content\\\/uploads\\\/2025\\\/03\\\/Screenshot-2025-03-25-at-9.08.05\u202fAM-e1742915365539.png\",\"articleSection\":[\"Events\",\"Foundation News\"],\"inLanguage\":\"es-MX\"},{\"@type\":\"WebPage\",\"@id\":\"https:\\\/\\\/ccof.org\\\/news\\\/recap-2025-california-small-farm-conference\\\/\",\"url\":\"https:\\\/\\\/ccof.org\\\/news\\\/recap-2025-california-small-farm-conference\\\/\",\"name\":\"Recap: 2025 California Small Farm Conference - CCOF.org\",\"isPartOf\":{\"@id\":\"https:\\\/\\\/www.ccof.org\\\/#website\"},\"primaryImageOfPage\":{\"@id\":\"https:\\\/\\\/ccof.org\\\/news\\\/recap-2025-california-small-farm-conference\\\/#primaryimage\"},\"image\":{\"@id\":\"https:\\\/\\\/ccof.org\\\/news\\\/recap-2025-california-small-farm-conference\\\/#primaryimage\"},\"thumbnailUrl\":\"https:\\\/\\\/ccof.org\\\/wp-content\\\/uploads\\\/2025\\\/03\\\/Screenshot-2025-03-25-at-9.08.05\u202fAM-e1742915365539.png\",\"datePublished\":\"2025-03-25T15:15:20+00:00\",\"dateModified\":\"2025-03-28T18:34:10+00:00\",\"breadcrumb\":{\"@id\":\"https:\\\/\\\/ccof.org\\\/news\\\/recap-2025-california-small-farm-conference\\\/#breadcrumb\"},\"inLanguage\":\"es-MX\",\"potentialAction\":[{\"@type\":\"ReadAction\",\"target\":[\"https:\\\/\\\/ccof.org\\\/news\\\/recap-2025-california-small-farm-conference\\\/\"]}]},{\"@type\":\"ImageObject\",\"inLanguage\":\"es-MX\",\"@id\":\"https:\\\/\\\/ccof.org\\\/news\\\/recap-2025-california-small-farm-conference\\\/#primaryimage\",\"url\":\"https:\\\/\\\/ccof.org\\\/wp-content\\\/uploads\\\/2025\\\/03\\\/Screenshot-2025-03-25-at-9.08.05\u202fAM-e1742915365539.png\",\"contentUrl\":\"https:\\\/\\\/ccof.org\\\/wp-content\\\/uploads\\\/2025\\\/03\\\/Screenshot-2025-03-25-at-9.08.05\u202fAM-e1742915365539.png\",\"width\":2702,\"height\":1112},{\"@type\":\"BreadcrumbList\",\"@id\":\"https:\\\/\\\/ccof.org\\\/news\\\/recap-2025-california-small-farm-conference\\\/#breadcrumb\",\"itemListElement\":[{\"@type\":\"ListItem\",\"position\":1,\"name\":\"Home\",\"item\":\"https:\\\/\\\/www.ccof.org\\\/\"},{\"@type\":\"ListItem\",\"position\":2,\"name\":\"Recap: 2025 California Small Farm Conference\"}]},{\"@type\":\"WebSite\",\"@id\":\"https:\\\/\\\/www.ccof.org\\\/#website\",\"url\":\"https:\\\/\\\/www.ccof.org\\\/\",\"name\":\"CCOF.org\",\"description\":\"Help make organic the norm!\",\"publisher\":{\"@id\":\"https:\\\/\\\/www.ccof.org\\\/#organization\"},\"potentialAction\":[{\"@type\":\"SearchAction\",\"target\":{\"@type\":\"EntryPoint\",\"urlTemplate\":\"https:\\\/\\\/www.ccof.org\\\/?s={search_term_string}\"},\"query-input\":{\"@type\":\"PropertyValueSpecification\",\"valueRequired\":true,\"valueName\":\"search_term_string\"}}],\"inLanguage\":\"es-MX\"},{\"@type\":\"Organization\",\"@id\":\"https:\\\/\\\/www.ccof.org\\\/#organization\",\"name\":\"CCOF.org\",\"url\":\"https:\\\/\\\/www.ccof.org\\\/\",\"logo\":{\"@type\":\"ImageObject\",\"inLanguage\":\"es-MX\",\"@id\":\"https:\\\/\\\/www.ccof.org\\\/#\\\/schema\\\/logo\\\/image\\\/\",\"url\":\"https:\\\/\\\/www.ccof.org\\\/wp-content\\\/uploads\\\/2024\\\/02\\\/ccof-logo.svg\",\"contentUrl\":\"https:\\\/\\\/www.ccof.org\\\/wp-content\\\/uploads\\\/2024\\\/02\\\/ccof-logo.svg\",\"width\":85,\"height\":111,\"caption\":\"CCOF.org\"},\"image\":{\"@id\":\"https:\\\/\\\/www.ccof.org\\\/#\\\/schema\\\/logo\\\/image\\\/\"},\"sameAs\":[\"https:\\\/\\\/www.facebook.com\\\/CCOForganic\",\"https:\\\/\\\/www.youtube.com\\\/c\\\/CCOForganic\",\"https:\\\/\\\/www.instagram.com\\\/ccoforganic\\\/\"]},{\"@type\":\"Person\",\"@id\":\"https:\\\/\\\/www.ccof.org\\\/#\\\/schema\\\/person\\\/be78be4fc4c4ac424b7d0539932eb93a\",\"name\":\"Christina Adams\",\"image\":{\"@type\":\"ImageObject\",\"inLanguage\":\"es-MX\",\"@id\":\"https:\\\/\\\/secure.gravatar.com\\\/avatar\\\/97a9dad4a34fe7ba713b85b6b43161f9cea856349f498b009f695467264d5b3e?s=96&d=mm&r=g\",\"url\":\"https:\\\/\\\/secure.gravatar.com\\\/avatar\\\/97a9dad4a34fe7ba713b85b6b43161f9cea856349f498b009f695467264d5b3e?s=96&d=mm&r=g\",\"contentUrl\":\"https:\\\/\\\/secure.gravatar.com\\\/avatar\\\/97a9dad4a34fe7ba713b85b6b43161f9cea856349f498b009f695467264d5b3e?s=96&d=mm&r=g\",\"caption\":\"Christina Adams\"}}]}<\/script>\n<!-- \/ Yoast SEO plugin. -->","yoast_head_json":{"title":"Recapitulaci\u00f3n: 2025 Conferencia de Peque\u00f1os Agricultores de California - CCOF.org","robots":{"index":"index","follow":"follow","max-snippet":"max-snippet:-1","max-image-preview":"max-image-preview:large","max-video-preview":"max-video-preview:-1"},"canonical":"https:\/\/ccof.org\/es\/news\/recap-2025-california-small-farm-conference\/","og_locale":"es_MX","og_type":"article","og_title":"Recap: 2025 California Small Farm Conference - CCOF.org","og_description":"See the CCOF Foundation in Action! Recordings from the 2025 California Small Farm &hellip;","og_url":"https:\/\/ccof.org\/es\/news\/recap-2025-california-small-farm-conference\/","og_site_name":"CCOF.org","article_publisher":"https:\/\/www.facebook.com\/CCOForganic","article_published_time":"2025-03-25T15:15:20+00:00","article_modified_time":"2025-03-28T18:34:10+00:00","og_image":[{"width":1024,"height":421,"url":"https:\/\/ccof.org\/wp-content\/uploads\/2025\/03\/Screenshot-2025-03-25-at-9.08.05\u202fAM-e1742915365539-1024x421.png","type":"image\/png"}],"author":"Christina Adams","twitter_card":"summary_large_image","twitter_misc":{"Written by":"Christina Adams","Est. reading time":"1 minute"},"schema":{"@context":"https:\/\/schema.org","@graph":[{"@type":"Article","@id":"https:\/\/ccof.org\/news\/recap-2025-california-small-farm-conference\/#article","isPartOf":{"@id":"https:\/\/ccof.org\/news\/recap-2025-california-small-farm-conference\/"},"author":{"name":"Christina Adams","@id":"https:\/\/www.ccof.org\/#\/schema\/person\/be78be4fc4c4ac424b7d0539932eb93a"},"headline":"Recap: 2025 California Small Farm Conference","datePublished":"2025-03-25T15:15:20+00:00","dateModified":"2025-03-28T18:34:10+00:00","mainEntityOfPage":{"@id":"https:\/\/ccof.org\/news\/recap-2025-california-small-farm-conference\/"},"wordCount":148,"publisher":{"@id":"https:\/\/www.ccof.org\/#organization"},"image":{"@id":"https:\/\/ccof.org\/news\/recap-2025-california-small-farm-conference\/#primaryimage"},"thumbnailUrl":"https:\/\/ccof.org\/wp-content\/uploads\/2025\/03\/Screenshot-2025-03-25-at-9.08.05\u202fAM-e1742915365539.png","articleSection":["Events","Foundation News"],"inLanguage":"es-MX"},{"@type":"WebPage","@id":"https:\/\/ccof.org\/news\/recap-2025-california-small-farm-conference\/","url":"https:\/\/ccof.org\/news\/recap-2025-california-small-farm-conference\/","name":"Recapitulaci\u00f3n: 2025 Conferencia de Peque\u00f1os Agricultores de California - CCOF.org","isPartOf":{"@id":"https:\/\/www.ccof.org\/#website"},"primaryImageOfPage":{"@id":"https:\/\/ccof.org\/news\/recap-2025-california-small-farm-conference\/#primaryimage"},"image":{"@id":"https:\/\/ccof.org\/news\/recap-2025-california-small-farm-conference\/#primaryimage"},"thumbnailUrl":"https:\/\/ccof.org\/wp-content\/uploads\/2025\/03\/Screenshot-2025-03-25-at-9.08.05\u202fAM-e1742915365539.png","datePublished":"2025-03-25T15:15:20+00:00","dateModified":"2025-03-28T18:34:10+00:00","breadcrumb":{"@id":"https:\/\/ccof.org\/news\/recap-2025-california-small-farm-conference\/#breadcrumb"},"inLanguage":"es-MX","potentialAction":[{"@type":"ReadAction","target":["https:\/\/ccof.org\/news\/recap-2025-california-small-farm-conference\/"]}]},{"@type":"ImageObject","inLanguage":"es-MX","@id":"https:\/\/ccof.org\/news\/recap-2025-california-small-farm-conference\/#primaryimage","url":"https:\/\/ccof.org\/wp-content\/uploads\/2025\/03\/Screenshot-2025-03-25-at-9.08.05\u202fAM-e1742915365539.png","contentUrl":"https:\/\/ccof.org\/wp-content\/uploads\/2025\/03\/Screenshot-2025-03-25-at-9.08.05\u202fAM-e1742915365539.png","width":2702,"height":1112},{"@type":"BreadcrumbList","@id":"https:\/\/ccof.org\/news\/recap-2025-california-small-farm-conference\/#breadcrumb","itemListElement":[{"@type":"ListItem","position":1,"name":"Home","item":"https:\/\/www.ccof.org\/"},{"@type":"ListItem","position":2,"name":"Recap: 2025 California Small Farm Conference"}]},{"@type":"WebSite","@id":"https:\/\/www.ccof.org\/#website","url":"https:\/\/www.ccof.org\/","name":"CCOF.org","description":"\u00a1Ayude a que lo org\u00e1nico sea la norma!","publisher":{"@id":"https:\/\/www.ccof.org\/#organization"},"potentialAction":[{"@type":"SearchAction","target":{"@type":"EntryPoint","urlTemplate":"https:\/\/www.ccof.org\/?s={search_term_string}"},"query-input":{"@type":"PropertyValueSpecification","valueRequired":true,"valueName":"search_term_string"}}],"inLanguage":"es-MX"},{"@type":"Organization","@id":"https:\/\/www.ccof.org\/#organization","name":"CCOF.org","url":"https:\/\/www.ccof.org\/","logo":{"@type":"ImageObject","inLanguage":"es-MX","@id":"https:\/\/www.ccof.org\/#\/schema\/logo\/image\/","url":"https:\/\/www.ccof.org\/wp-content\/uploads\/2024\/02\/ccof-logo.svg","contentUrl":"https:\/\/www.ccof.org\/wp-content\/uploads\/2024\/02\/ccof-logo.svg","width":85,"height":111,"caption":"CCOF.org"},"image":{"@id":"https:\/\/www.ccof.org\/#\/schema\/logo\/image\/"},"sameAs":["https:\/\/www.facebook.com\/CCOForganic","https:\/\/www.youtube.com\/c\/CCOForganic","https:\/\/www.instagram.com\/ccoforganic\/"]},{"@type":"Person","@id":"https:\/\/www.ccof.org\/#\/schema\/person\/be78be4fc4c4ac424b7d0539932eb93a","name":"Christina Adams","image":{"@type":"ImageObject","inLanguage":"es-MX","@id":"https:\/\/secure.gravatar.com\/avatar\/97a9dad4a34fe7ba713b85b6b43161f9cea856349f498b009f695467264d5b3e?s=96&d=mm&r=g","url":"https:\/\/secure.gravatar.com\/avatar\/97a9dad4a34fe7ba713b85b6b43161f9cea856349f498b009f695467264d5b3e?s=96&d=mm&r=g","contentUrl":"https:\/\/secure.gravatar.com\/avatar\/97a9dad4a34fe7ba713b85b6b43161f9cea856349f498b009f695467264d5b3e?s=96&d=mm&r=g","caption":"Christina Adams"}}]}},"_links":{"self":[{"href":"https:\/\/ccof.org\/es\/wp-json\/wp\/v2\/posts\/54257","targetHints":{"allow":["GET"]}}],"collection":[{"href":"https:\/\/ccof.org\/es\/wp-json\/wp\/v2\/posts"}],"about":[{"href":"https:\/\/ccof.org\/es\/wp-json\/wp\/v2\/types\/post"}],"author":[{"embeddable":true,"href":"https:\/\/ccof.org\/es\/wp-json\/wp\/v2\/users\/18"}],"replies":[{"embeddable":true,"href":"https:\/\/ccof.org\/es\/wp-json\/wp\/v2\/comments?post=54257"}],"version-history":[{"count":3,"href":"https:\/\/ccof.org\/es\/wp-json\/wp\/v2\/posts\/54257\/revisions"}],"predecessor-version":[{"id":54365,"href":"https:\/\/ccof.org\/es\/wp-json\/wp\/v2\/posts\/54257\/revisions\/54365"}],"wp:featuredmedia":[{"embeddable":true,"href":"https:\/\/ccof.org\/es\/wp-json\/wp\/v2\/media\/54258"}],"wp:attachment":[{"href":"https:\/\/ccof.org\/es\/wp-json\/wp\/v2\/media?parent=54257"}],"wp:term":[{"taxonomy":"category","embeddable":true,"href":"https:\/\/ccof.org\/es\/wp-json\/wp\/v2\/categories?post=54257"}],"curies":[{"name":"wp","href":"https:\/\/api.w.org\/{rel}","templated":true}]}}