{"id":48847,"date":"2024-09-24T16:57:07","date_gmt":"2024-09-24T16:57:07","guid":{"rendered":"https:\/\/www.ccof.org\/?p=48847"},"modified":"2025-05-07T22:58:14","modified_gmt":"2025-05-07T22:58:14","slug":"meet-veronica-mazariegos-anastassiou-organic-transition-grantee","status":"publish","type":"post","link":"https:\/\/ccof.org\/es\/news\/meet-veronica-mazariegos-anastassiou-organic-transition-grantee\/","title":{"rendered":"Ver\u00f3nica Mazariegos-Anastassiou - Becaria de Transici\u00f3n Org\u00e1nica"},"content":{"rendered":"<p><em><span style=\"font-size: xx-small;\">Photo by Fox Nakai<\/span><\/em><\/p>\n<p>Ver\u00f3nica Mazariegos-Anastassiou is a first-generation American and first-generation farmer. During her time serving in the Peace Corps, she discovered her love of farming while working closely with rice farmers in Togo, where she supported them to test various practices to increase yields and decrease inputs. Mazariegos-Anastassiou brought this knowledge and appreciation for farming to fruition in 2018, when she launched <a href=\"https:\/\/www.brisaranch.com\/\">Brisa Ranch<\/a> with her two co-owners and partners, Cole Mazariegos-Anastassiou and Crist\u00f3bal Cruz Hern\u00e1ndez, in Pescadero on the Central Coast of California.<\/p>\n<p>Mazariegos-Anastassiou farms organically for three main reasons: responsible stewardship of the land, commitment to healthful foods, and an understanding that extractive practices have ripple effects throughout generations. She explains:<\/p>\n<blockquote><p><em>First, organic farming is a form of land management that takes into consideration the ecosystem in which the farm is located. It tries to disturb this ecosystem in a way that is beneficial to the system as opposed to destructive. We currently farm in a property that was <\/em><em>managed with conventional practices for many years and it is easy to see the degradation of the land and the surrounding fauna.<\/em><\/p>\n<p><em>Second, the quality, nutritional value, and safeness of the food we grow organically is of utmost importance to us.<\/em><\/p>\n<p><em>Finally, I want to see a new generation of organic farmers that continues to grow, and for that [to happen], we need to continue transitioning land so that future operations don\u2019t have to do all the heavy lifting, since businesses like ours are making different choices than those that came before us.<\/em><\/p><\/blockquote>\n<p>Going organic benefits the health of land and people. <a href=\"https:\/\/www.brisaranch.com\/\">Brisa Ranch<\/a>, with 40 acres and over 40 diverse fruits and vegetables, embodies both the management practices and <a href=\"https:\/\/www.brisaranch.com\/our-values\">values-driven<\/a> approach that most organic farmers demonstrate.<\/p>\n<p>The CCOF Foundation\u2019s <a href=\"https:\/\/www.ccof.org\/foundation\/grants-education\/organic-transition\/\">Organic Transition Program<\/a> grants support farmers and ranchers like Mazariegos-Anastassiou, who seek to transition to transition their farms or ranches into certified organic production. Participants can receive $10,000 per year for the three-year transition to certified organic for a total of $30,000 (with a possibility of an additional $1,000 per acre up to 30 acres for qualifying practices). To learn about this opportunity please visit our <a href=\"https:\/\/www.ccof.org\/foundation\/grants-education\/organic-transition\/\">website<\/a> or apply directly <a href=\"https:\/\/www.grantinterface.com\/Home\/Logon?urlkey=ccof\">here<\/a> starting October 7. This program is funded in part by the <a href=\"https:\/\/www.cdfa.ca.gov\/oefi\/otp\/\">California Department of Food and Agriculture\u2019s Organic Transition Pilot Program.<\/a><\/p>\n<p><strong>Applications for the Organic Transition Program grant are open October 7 \u2013 November 1, 2024. <\/strong>Additional cycles to be announced for 2025.<\/p>\n<p><a href=\"https:\/\/www.ccof.org\/foundation\/grants-education\/organic-transition\/\">Visit our website<\/a>\u00a0for more information.<\/p>\n<p>Please contact Larissa Hernandez at\u00a0<a href=\"mailto:grants@ccof.org\">grants@ccof.org<\/a>\u00a0or (831) 346-6324 or Hanali Lopez-Tapia at (831) 824-6123 with any questions or for support.<\/p>\n<p>&nbsp;<\/p>\n<p>&#8212;<\/p>\n<p><em>Want to fund a world where organic is the norm? <a href=\"https:\/\/www.ccof.org\/foundation\/donate\/\">Visit our donate page<\/a> for ways to contribute, including donor advised funds and gifts of stock, and to learn about the CCOF Endowment! <\/em><\/p>\n","protected":false},"excerpt":{"rendered":"<p>Foto de Fox Nakai Ver\u00f3nica Mazariegos-Anastassiou es estadounidense y agricultora de primera generaci\u00f3n. ...<\/p>","protected":false},"author":18,"featured_media":48848,"comment_status":"closed","ping_status":"closed","sticky":false,"template":"","format":"standard","meta":{"_acf_changed":false,"_relevanssi_hide_post":"","_relevanssi_hide_content":"","_relevanssi_pin_for_all":"","_relevanssi_pin_keywords":"","_relevanssi_unpin_keywords":"","_relevanssi_related_keywords":"","_relevanssi_related_include_ids":"0","_relevanssi_related_exclude_ids":"","_relevanssi_related_no_append":"","_relevanssi_related_not_related":"","_relevanssi_related_posts":"55674,54613,55696,55273,33965,54748,55953,55764,55766,39141","_relevanssi_noindex_reason":"","footnotes":""},"categories":[111],"class_list":["post-48847","post","type-post","status-publish","format-standard","has-post-thumbnail","hentry","category-foundation-news","certification_topics-transition-to-organic","foundation_topics-grants"],"acf":[],"yoast_head":"<!-- This site is optimized with the Yoast SEO plugin v27.3 - https:\/\/yoast.com\/product\/yoast-seo-wordpress\/ -->\n<title>Meet Ver\u00f3nica Mazariegos-Anastassiou \u2013 Organic Transition Grantee - CCOF.org<\/title>\n<meta name=\"robots\" content=\"index, follow, max-snippet:-1, max-image-preview:large, max-video-preview:-1\" \/>\n<link rel=\"canonical\" href=\"https:\/\/www.ccof.org\/news\/meet-veronica-mazariegos-anastassiou-organic-transition-grantee\/\" \/>\n<meta property=\"og:locale\" content=\"es_MX\" \/>\n<meta property=\"og:type\" content=\"article\" \/>\n<meta property=\"og:title\" content=\"Meet Ver\u00f3nica Mazariegos-Anastassiou \u2013 Organic Transition Grantee - CCOF.org\" \/>\n<meta property=\"og:description\" content=\"Photo by Fox Nakai Ver\u00f3nica Mazariegos-Anastassiou is a first-generation American and first-generation farmer. &hellip;\" \/>\n<meta property=\"og:url\" content=\"https:\/\/www.ccof.org\/news\/meet-veronica-mazariegos-anastassiou-organic-transition-grantee\/\" \/>\n<meta property=\"og:site_name\" content=\"CCOF.org\" \/>\n<meta property=\"article:publisher\" content=\"https:\/\/www.facebook.com\/CCOForganic\" \/>\n<meta property=\"article:published_time\" content=\"2024-09-24T16:57:07+00:00\" \/>\n<meta property=\"article:modified_time\" content=\"2025-05-07T22:58:14+00:00\" \/>\n<meta property=\"og:image\" content=\"https:\/\/www.ccof.org\/wp-content\/uploads\/2024\/09\/OTP_BLOG_VeronicaMA_Cohort2023_photo-scaled.jpeg\" \/>\n\t<meta property=\"og:image:width\" content=\"2560\" \/>\n\t<meta property=\"og:image:height\" content=\"2560\" \/>\n\t<meta property=\"og:image:type\" content=\"image\/jpeg\" \/>\n<meta name=\"author\" content=\"Christina Adams\" \/>\n<meta name=\"twitter:card\" content=\"summary_large_image\" \/>\n<meta name=\"twitter:label1\" content=\"Written by\" \/>\n\t<meta name=\"twitter:data1\" content=\"Christina Adams\" \/>\n\t<meta name=\"twitter:label2\" content=\"Est. reading time\" \/>\n\t<meta name=\"twitter:data2\" content=\"2 minutes\" \/>\n<script type=\"application\/ld+json\" class=\"yoast-schema-graph\">{\"@context\":\"https:\\\/\\\/schema.org\",\"@graph\":[{\"@type\":\"Article\",\"@id\":\"https:\\\/\\\/www.ccof.org\\\/news\\\/meet-veronica-mazariegos-anastassiou-organic-transition-grantee\\\/#article\",\"isPartOf\":{\"@id\":\"https:\\\/\\\/www.ccof.org\\\/news\\\/meet-veronica-mazariegos-anastassiou-organic-transition-grantee\\\/\"},\"author\":{\"name\":\"Christina Adams\",\"@id\":\"https:\\\/\\\/www.ccof.org\\\/#\\\/schema\\\/person\\\/be78be4fc4c4ac424b7d0539932eb93a\"},\"headline\":\"Meet Ver\u00f3nica Mazariegos-Anastassiou \u2013 Organic Transition Grantee\",\"datePublished\":\"2024-09-24T16:57:07+00:00\",\"dateModified\":\"2025-05-07T22:58:14+00:00\",\"mainEntityOfPage\":{\"@id\":\"https:\\\/\\\/www.ccof.org\\\/news\\\/meet-veronica-mazariegos-anastassiou-organic-transition-grantee\\\/\"},\"wordCount\":469,\"publisher\":{\"@id\":\"https:\\\/\\\/www.ccof.org\\\/#organization\"},\"image\":{\"@id\":\"https:\\\/\\\/www.ccof.org\\\/news\\\/meet-veronica-mazariegos-anastassiou-organic-transition-grantee\\\/#primaryimage\"},\"thumbnailUrl\":\"https:\\\/\\\/ccof.org\\\/wp-content\\\/uploads\\\/2024\\\/09\\\/OTP_BLOG_VeronicaMA_Cohort2023_photo-scaled.jpeg\",\"articleSection\":[\"Foundation News\"],\"inLanguage\":\"es-MX\"},{\"@type\":\"WebPage\",\"@id\":\"https:\\\/\\\/www.ccof.org\\\/news\\\/meet-veronica-mazariegos-anastassiou-organic-transition-grantee\\\/\",\"url\":\"https:\\\/\\\/www.ccof.org\\\/news\\\/meet-veronica-mazariegos-anastassiou-organic-transition-grantee\\\/\",\"name\":\"Meet Ver\u00f3nica Mazariegos-Anastassiou \u2013 Organic Transition Grantee - CCOF.org\",\"isPartOf\":{\"@id\":\"https:\\\/\\\/www.ccof.org\\\/#website\"},\"primaryImageOfPage\":{\"@id\":\"https:\\\/\\\/www.ccof.org\\\/news\\\/meet-veronica-mazariegos-anastassiou-organic-transition-grantee\\\/#primaryimage\"},\"image\":{\"@id\":\"https:\\\/\\\/www.ccof.org\\\/news\\\/meet-veronica-mazariegos-anastassiou-organic-transition-grantee\\\/#primaryimage\"},\"thumbnailUrl\":\"https:\\\/\\\/ccof.org\\\/wp-content\\\/uploads\\\/2024\\\/09\\\/OTP_BLOG_VeronicaMA_Cohort2023_photo-scaled.jpeg\",\"datePublished\":\"2024-09-24T16:57:07+00:00\",\"dateModified\":\"2025-05-07T22:58:14+00:00\",\"breadcrumb\":{\"@id\":\"https:\\\/\\\/www.ccof.org\\\/news\\\/meet-veronica-mazariegos-anastassiou-organic-transition-grantee\\\/#breadcrumb\"},\"inLanguage\":\"es-MX\",\"potentialAction\":[{\"@type\":\"ReadAction\",\"target\":[\"https:\\\/\\\/www.ccof.org\\\/news\\\/meet-veronica-mazariegos-anastassiou-organic-transition-grantee\\\/\"]}]},{\"@type\":\"ImageObject\",\"inLanguage\":\"es-MX\",\"@id\":\"https:\\\/\\\/www.ccof.org\\\/news\\\/meet-veronica-mazariegos-anastassiou-organic-transition-grantee\\\/#primaryimage\",\"url\":\"https:\\\/\\\/ccof.org\\\/wp-content\\\/uploads\\\/2024\\\/09\\\/OTP_BLOG_VeronicaMA_Cohort2023_photo-scaled.jpeg\",\"contentUrl\":\"https:\\\/\\\/ccof.org\\\/wp-content\\\/uploads\\\/2024\\\/09\\\/OTP_BLOG_VeronicaMA_Cohort2023_photo-scaled.jpeg\",\"width\":2560,\"height\":2560,\"caption\":\"Ver\u00f3nica Mazariegos-Anastassiou \u2013 CCOF Organic Transition Grantee. Photo by Fox Nakai.\"},{\"@type\":\"BreadcrumbList\",\"@id\":\"https:\\\/\\\/www.ccof.org\\\/news\\\/meet-veronica-mazariegos-anastassiou-organic-transition-grantee\\\/#breadcrumb\",\"itemListElement\":[{\"@type\":\"ListItem\",\"position\":1,\"name\":\"Home\",\"item\":\"https:\\\/\\\/www.ccof.org\\\/\"},{\"@type\":\"ListItem\",\"position\":2,\"name\":\"Meet Ver\u00f3nica Mazariegos-Anastassiou \u2013 Organic Transition Grantee\"}]},{\"@type\":\"WebSite\",\"@id\":\"https:\\\/\\\/www.ccof.org\\\/#website\",\"url\":\"https:\\\/\\\/www.ccof.org\\\/\",\"name\":\"CCOF.org\",\"description\":\"Help make organic the norm!\",\"publisher\":{\"@id\":\"https:\\\/\\\/www.ccof.org\\\/#organization\"},\"potentialAction\":[{\"@type\":\"SearchAction\",\"target\":{\"@type\":\"EntryPoint\",\"urlTemplate\":\"https:\\\/\\\/www.ccof.org\\\/?s={search_term_string}\"},\"query-input\":{\"@type\":\"PropertyValueSpecification\",\"valueRequired\":true,\"valueName\":\"search_term_string\"}}],\"inLanguage\":\"es-MX\"},{\"@type\":\"Organization\",\"@id\":\"https:\\\/\\\/www.ccof.org\\\/#organization\",\"name\":\"CCOF.org\",\"url\":\"https:\\\/\\\/www.ccof.org\\\/\",\"logo\":{\"@type\":\"ImageObject\",\"inLanguage\":\"es-MX\",\"@id\":\"https:\\\/\\\/www.ccof.org\\\/#\\\/schema\\\/logo\\\/image\\\/\",\"url\":\"https:\\\/\\\/www.ccof.org\\\/wp-content\\\/uploads\\\/2024\\\/02\\\/ccof-logo.svg\",\"contentUrl\":\"https:\\\/\\\/www.ccof.org\\\/wp-content\\\/uploads\\\/2024\\\/02\\\/ccof-logo.svg\",\"width\":85,\"height\":111,\"caption\":\"CCOF.org\"},\"image\":{\"@id\":\"https:\\\/\\\/www.ccof.org\\\/#\\\/schema\\\/logo\\\/image\\\/\"},\"sameAs\":[\"https:\\\/\\\/www.facebook.com\\\/CCOForganic\",\"https:\\\/\\\/www.youtube.com\\\/c\\\/CCOForganic\",\"https:\\\/\\\/www.instagram.com\\\/ccoforganic\\\/\"]},{\"@type\":\"Person\",\"@id\":\"https:\\\/\\\/www.ccof.org\\\/#\\\/schema\\\/person\\\/be78be4fc4c4ac424b7d0539932eb93a\",\"name\":\"Christina Adams\",\"image\":{\"@type\":\"ImageObject\",\"inLanguage\":\"es-MX\",\"@id\":\"https:\\\/\\\/secure.gravatar.com\\\/avatar\\\/97a9dad4a34fe7ba713b85b6b43161f9cea856349f498b009f695467264d5b3e?s=96&d=mm&r=g\",\"url\":\"https:\\\/\\\/secure.gravatar.com\\\/avatar\\\/97a9dad4a34fe7ba713b85b6b43161f9cea856349f498b009f695467264d5b3e?s=96&d=mm&r=g\",\"contentUrl\":\"https:\\\/\\\/secure.gravatar.com\\\/avatar\\\/97a9dad4a34fe7ba713b85b6b43161f9cea856349f498b009f695467264d5b3e?s=96&d=mm&r=g\",\"caption\":\"Christina Adams\"}}]}<\/script>\n<!-- \/ Yoast SEO plugin. -->","yoast_head_json":{"title":"Conozca a Ver\u00f3nica Mazariegos-Anastassiou - Becaria de Transici\u00f3n Ecol\u00f3gica - CCOF.org","robots":{"index":"index","follow":"follow","max-snippet":"max-snippet:-1","max-image-preview":"max-image-preview:large","max-video-preview":"max-video-preview:-1"},"canonical":"https:\/\/www.ccof.org\/news\/meet-veronica-mazariegos-anastassiou-organic-transition-grantee\/","og_locale":"es_MX","og_type":"article","og_title":"Meet Ver\u00f3nica Mazariegos-Anastassiou \u2013 Organic Transition Grantee - CCOF.org","og_description":"Photo by Fox Nakai Ver\u00f3nica Mazariegos-Anastassiou is a first-generation American and first-generation farmer. &hellip;","og_url":"https:\/\/www.ccof.org\/news\/meet-veronica-mazariegos-anastassiou-organic-transition-grantee\/","og_site_name":"CCOF.org","article_publisher":"https:\/\/www.facebook.com\/CCOForganic","article_published_time":"2024-09-24T16:57:07+00:00","article_modified_time":"2025-05-07T22:58:14+00:00","og_image":[{"width":2560,"height":2560,"url":"https:\/\/www.ccof.org\/wp-content\/uploads\/2024\/09\/OTP_BLOG_VeronicaMA_Cohort2023_photo-scaled.jpeg","type":"image\/jpeg"}],"author":"Christina Adams","twitter_card":"summary_large_image","twitter_misc":{"Written by":"Christina Adams","Est. reading time":"2 minutes"},"schema":{"@context":"https:\/\/schema.org","@graph":[{"@type":"Article","@id":"https:\/\/www.ccof.org\/news\/meet-veronica-mazariegos-anastassiou-organic-transition-grantee\/#article","isPartOf":{"@id":"https:\/\/www.ccof.org\/news\/meet-veronica-mazariegos-anastassiou-organic-transition-grantee\/"},"author":{"name":"Christina Adams","@id":"https:\/\/www.ccof.org\/#\/schema\/person\/be78be4fc4c4ac424b7d0539932eb93a"},"headline":"Meet Ver\u00f3nica Mazariegos-Anastassiou \u2013 Organic Transition Grantee","datePublished":"2024-09-24T16:57:07+00:00","dateModified":"2025-05-07T22:58:14+00:00","mainEntityOfPage":{"@id":"https:\/\/www.ccof.org\/news\/meet-veronica-mazariegos-anastassiou-organic-transition-grantee\/"},"wordCount":469,"publisher":{"@id":"https:\/\/www.ccof.org\/#organization"},"image":{"@id":"https:\/\/www.ccof.org\/news\/meet-veronica-mazariegos-anastassiou-organic-transition-grantee\/#primaryimage"},"thumbnailUrl":"https:\/\/ccof.org\/wp-content\/uploads\/2024\/09\/OTP_BLOG_VeronicaMA_Cohort2023_photo-scaled.jpeg","articleSection":["Foundation News"],"inLanguage":"es-MX"},{"@type":"WebPage","@id":"https:\/\/www.ccof.org\/news\/meet-veronica-mazariegos-anastassiou-organic-transition-grantee\/","url":"https:\/\/www.ccof.org\/news\/meet-veronica-mazariegos-anastassiou-organic-transition-grantee\/","name":"Conozca a Ver\u00f3nica Mazariegos-Anastassiou - Becaria de Transici\u00f3n Ecol\u00f3gica - CCOF.org","isPartOf":{"@id":"https:\/\/www.ccof.org\/#website"},"primaryImageOfPage":{"@id":"https:\/\/www.ccof.org\/news\/meet-veronica-mazariegos-anastassiou-organic-transition-grantee\/#primaryimage"},"image":{"@id":"https:\/\/www.ccof.org\/news\/meet-veronica-mazariegos-anastassiou-organic-transition-grantee\/#primaryimage"},"thumbnailUrl":"https:\/\/ccof.org\/wp-content\/uploads\/2024\/09\/OTP_BLOG_VeronicaMA_Cohort2023_photo-scaled.jpeg","datePublished":"2024-09-24T16:57:07+00:00","dateModified":"2025-05-07T22:58:14+00:00","breadcrumb":{"@id":"https:\/\/www.ccof.org\/news\/meet-veronica-mazariegos-anastassiou-organic-transition-grantee\/#breadcrumb"},"inLanguage":"es-MX","potentialAction":[{"@type":"ReadAction","target":["https:\/\/www.ccof.org\/news\/meet-veronica-mazariegos-anastassiou-organic-transition-grantee\/"]}]},{"@type":"ImageObject","inLanguage":"es-MX","@id":"https:\/\/www.ccof.org\/news\/meet-veronica-mazariegos-anastassiou-organic-transition-grantee\/#primaryimage","url":"https:\/\/ccof.org\/wp-content\/uploads\/2024\/09\/OTP_BLOG_VeronicaMA_Cohort2023_photo-scaled.jpeg","contentUrl":"https:\/\/ccof.org\/wp-content\/uploads\/2024\/09\/OTP_BLOG_VeronicaMA_Cohort2023_photo-scaled.jpeg","width":2560,"height":2560,"caption":"Ver\u00f3nica Mazariegos-Anastassiou \u2013 CCOF Organic Transition Grantee. Photo by Fox Nakai."},{"@type":"BreadcrumbList","@id":"https:\/\/www.ccof.org\/news\/meet-veronica-mazariegos-anastassiou-organic-transition-grantee\/#breadcrumb","itemListElement":[{"@type":"ListItem","position":1,"name":"Home","item":"https:\/\/www.ccof.org\/"},{"@type":"ListItem","position":2,"name":"Meet Ver\u00f3nica Mazariegos-Anastassiou \u2013 Organic Transition Grantee"}]},{"@type":"WebSite","@id":"https:\/\/www.ccof.org\/#website","url":"https:\/\/www.ccof.org\/","name":"CCOF.org","description":"\u00a1Ayude a que lo org\u00e1nico sea la norma!","publisher":{"@id":"https:\/\/www.ccof.org\/#organization"},"potentialAction":[{"@type":"SearchAction","target":{"@type":"EntryPoint","urlTemplate":"https:\/\/www.ccof.org\/?s={search_term_string}"},"query-input":{"@type":"PropertyValueSpecification","valueRequired":true,"valueName":"search_term_string"}}],"inLanguage":"es-MX"},{"@type":"Organization","@id":"https:\/\/www.ccof.org\/#organization","name":"CCOF.org","url":"https:\/\/www.ccof.org\/","logo":{"@type":"ImageObject","inLanguage":"es-MX","@id":"https:\/\/www.ccof.org\/#\/schema\/logo\/image\/","url":"https:\/\/www.ccof.org\/wp-content\/uploads\/2024\/02\/ccof-logo.svg","contentUrl":"https:\/\/www.ccof.org\/wp-content\/uploads\/2024\/02\/ccof-logo.svg","width":85,"height":111,"caption":"CCOF.org"},"image":{"@id":"https:\/\/www.ccof.org\/#\/schema\/logo\/image\/"},"sameAs":["https:\/\/www.facebook.com\/CCOForganic","https:\/\/www.youtube.com\/c\/CCOForganic","https:\/\/www.instagram.com\/ccoforganic\/"]},{"@type":"Person","@id":"https:\/\/www.ccof.org\/#\/schema\/person\/be78be4fc4c4ac424b7d0539932eb93a","name":"Christina Adams","image":{"@type":"ImageObject","inLanguage":"es-MX","@id":"https:\/\/secure.gravatar.com\/avatar\/97a9dad4a34fe7ba713b85b6b43161f9cea856349f498b009f695467264d5b3e?s=96&d=mm&r=g","url":"https:\/\/secure.gravatar.com\/avatar\/97a9dad4a34fe7ba713b85b6b43161f9cea856349f498b009f695467264d5b3e?s=96&d=mm&r=g","contentUrl":"https:\/\/secure.gravatar.com\/avatar\/97a9dad4a34fe7ba713b85b6b43161f9cea856349f498b009f695467264d5b3e?s=96&d=mm&r=g","caption":"Christina Adams"}}]}},"_links":{"self":[{"href":"https:\/\/ccof.org\/es\/wp-json\/wp\/v2\/posts\/48847","targetHints":{"allow":["GET"]}}],"collection":[{"href":"https:\/\/ccof.org\/es\/wp-json\/wp\/v2\/posts"}],"about":[{"href":"https:\/\/ccof.org\/es\/wp-json\/wp\/v2\/types\/post"}],"author":[{"embeddable":true,"href":"https:\/\/ccof.org\/es\/wp-json\/wp\/v2\/users\/18"}],"replies":[{"embeddable":true,"href":"https:\/\/ccof.org\/es\/wp-json\/wp\/v2\/comments?post=48847"}],"version-history":[{"count":4,"href":"https:\/\/ccof.org\/es\/wp-json\/wp\/v2\/posts\/48847\/revisions"}],"predecessor-version":[{"id":56351,"href":"https:\/\/ccof.org\/es\/wp-json\/wp\/v2\/posts\/48847\/revisions\/56351"}],"wp:featuredmedia":[{"embeddable":true,"href":"https:\/\/ccof.org\/es\/wp-json\/wp\/v2\/media\/48848"}],"wp:attachment":[{"href":"https:\/\/ccof.org\/es\/wp-json\/wp\/v2\/media?parent=48847"}],"wp:term":[{"taxonomy":"category","embeddable":true,"href":"https:\/\/ccof.org\/es\/wp-json\/wp\/v2\/categories?post=48847"}],"curies":[{"name":"wp","href":"https:\/\/api.w.org\/{rel}","templated":true}]}}