{"id":33253,"date":"2020-01-13T20:14:00","date_gmt":"2020-01-13T20:14:00","guid":{"rendered":"https:\/\/www.ccof.org\/new-california-labor-law-may-affect-organic-businesses\/"},"modified":"2024-04-23T21:06:41","modified_gmt":"2024-04-23T21:06:41","slug":"new-california-labor-law-may-affect-organic-businesses","status":"publish","type":"post","link":"https:\/\/ccof.org\/es\/news\/new-california-labor-law-may-affect-organic-businesses\/","title":{"rendered":"La nueva ley laboral de California podr\u00eda afectar a las empresas org\u00e1nicas"},"content":{"rendered":"<p>Una ley reci\u00e9n implementada cambiar\u00e1 la clasificaci\u00f3n para muchos trabajadores en California de contratistas independientes a empleados. El proyecto de ley 5 de la Asamblea, que el gobernador Newsom promulg\u00f3 en septiembre de 2019, codifica la decisi\u00f3n del Tribunal Supremo de California sobre la clasificaci\u00f3n de los contratistas independientes como empleados.\u00a0<em>Dynamex<\/em>\u00a0en la legislaci\u00f3n estatal.       El sitio\u00a0<em>Dynamex<\/em>\u00a0esboza una \"prueba\" en tres partes para determinar la clasificaci\u00f3n laboral de un trabajador. Seg\u00fan la nueva ley, un trabajador s\u00f3lo puede ser considerado contratista independiente si se cumplen las tres condiciones siguientes:<\/p>\n<p>\u00a0 \u00a0 \u00a0 \u00a0 \u00a0 \u00a0 \u00a0 \u00a0 \u00a0       \u00a0(A) El individuo est\u00e1 libre de control y direcci\u00f3n en relaci\u00f3n con la prestaci\u00f3n del servicio, tanto en virtud de su contrato de prestaci\u00f3n de servicios como de hecho; y<\/p>\n<p>\u00a0 \u00a0 \u00a0 \u00a0 \u00a0 \u00a0 \u00a0 \u00a0       \u00a0 \u00a0(B) El servicio se realiza fuera del curso habitual de la actividad del empresario; y<\/p>\n<p>\u00a0 \u00a0 \u00a0 \u00a0 \u00a0 \u00a0 \u00a0       \u00a0 \u00a0 \u00a0(C) El individuo se dedica habitualmente a una actividad comercial, ocupaci\u00f3n, profesi\u00f3n o negocio establecido de forma independiente de la misma naturaleza que la implicada en el servicio prestado.<\/p>\n<p>Si un trabajador no cumple estas condiciones, debe ser clasificado como empleado. Aunque en la AB 5 se incluyeron exenciones para determinadas clasificaciones de trabajadores, ninguna era agr\u00edcola. Para obtener m\u00e1s informaci\u00f3n sobre la ley y c\u00f3mo puede afectar a su empresa, visite la p\u00e1gina web de la Agencia de Trabajo y Desarrollo Laboral (Labor and Workforce Development Agency)\u00a0<a href=\"https:\/\/www.labor.ca.gov\/employmentstatus\/\">sitio web sobre la situaci\u00f3n laboral<\/a>.<\/p>\n<figure class=\"content-image\"><\/figure>","protected":false},"excerpt":{"rendered":"<p>Una ley de nueva aplicaci\u00f3n cambiar\u00e1 la clasificaci\u00f3n de muchos trabajadores en California ...<\/p>","protected":false},"author":1,"featured_media":0,"comment_status":"open","ping_status":"open","sticky":false,"template":"","format":"standard","meta":{"_acf_changed":false,"_relevanssi_hide_post":"","_relevanssi_hide_content":"","_relevanssi_pin_for_all":"","_relevanssi_pin_keywords":"","_relevanssi_unpin_keywords":"","_relevanssi_related_keywords":"","_relevanssi_related_include_ids":"","_relevanssi_related_exclude_ids":"","_relevanssi_related_no_append":"","_relevanssi_related_not_related":"","_relevanssi_related_posts":"","_relevanssi_noindex_reason":"","footnotes":""},"categories":[110],"class_list":["post-33253","post","type-post","status-publish","format-standard","hentry","category-advocacy-news","language-english","advocacy_campaigns-farm-processor-viability"],"acf":[],"yoast_head":"<!-- This site is optimized with the Yoast SEO plugin v27.3 - https:\/\/yoast.com\/product\/yoast-seo-wordpress\/ -->\n<title>New California Labor Law May Affect Organic Businesses - CCOF.org<\/title>\n<meta name=\"robots\" content=\"index, follow, max-snippet:-1, max-image-preview:large, max-video-preview:-1\" \/>\n<link rel=\"canonical\" href=\"http:\/\/ccof.org\/es\/news\/new-california-labor-law-may-affect-organic-businesses\/\" \/>\n<meta property=\"og:locale\" content=\"es_MX\" \/>\n<meta property=\"og:type\" content=\"article\" \/>\n<meta property=\"og:title\" content=\"New California Labor Law May Affect Organic Businesses - CCOF.org\" \/>\n<meta property=\"og:description\" content=\"A newly implemented law will change the classification for many workers in California &hellip;\" \/>\n<meta property=\"og:url\" content=\"http:\/\/ccof.org\/es\/news\/new-california-labor-law-may-affect-organic-businesses\/\" \/>\n<meta property=\"og:site_name\" content=\"CCOF.org\" \/>\n<meta property=\"article:publisher\" content=\"https:\/\/www.facebook.com\/CCOForganic\" \/>\n<meta property=\"article:published_time\" content=\"2020-01-13T20:14:00+00:00\" \/>\n<meta property=\"article:modified_time\" content=\"2024-04-23T21:06:41+00:00\" \/>\n<meta name=\"author\" content=\"admin\" \/>\n<meta name=\"twitter:card\" content=\"summary_large_image\" \/>\n<meta name=\"twitter:label1\" content=\"Written by\" \/>\n\t<meta name=\"twitter:data1\" content=\"admin\" \/>\n\t<meta name=\"twitter:label2\" content=\"Est. reading time\" \/>\n\t<meta name=\"twitter:data2\" content=\"1 minute\" \/>\n<script type=\"application\/ld+json\" class=\"yoast-schema-graph\">{\"@context\":\"https:\\\/\\\/schema.org\",\"@graph\":[{\"@type\":\"Article\",\"@id\":\"http:\\\/\\\/ccof.org\\\/news\\\/new-california-labor-law-may-affect-organic-businesses\\\/#article\",\"isPartOf\":{\"@id\":\"http:\\\/\\\/ccof.org\\\/news\\\/new-california-labor-law-may-affect-organic-businesses\\\/\"},\"author\":{\"name\":\"admin\",\"@id\":\"https:\\\/\\\/www.ccof.org\\\/#\\\/schema\\\/person\\\/5ccd134e7ab95678db6afcb521a44e07\"},\"headline\":\"New California Labor Law May Affect Organic Businesses\",\"datePublished\":\"2020-01-13T20:14:00+00:00\",\"dateModified\":\"2024-04-23T21:06:41+00:00\",\"mainEntityOfPage\":{\"@id\":\"http:\\\/\\\/ccof.org\\\/news\\\/new-california-labor-law-may-affect-organic-businesses\\\/\"},\"wordCount\":207,\"commentCount\":0,\"publisher\":{\"@id\":\"https:\\\/\\\/www.ccof.org\\\/#organization\"},\"articleSection\":[\"Advocacy News\"],\"inLanguage\":\"es-MX\",\"potentialAction\":[{\"@type\":\"CommentAction\",\"name\":\"Comment\",\"target\":[\"http:\\\/\\\/ccof.org\\\/news\\\/new-california-labor-law-may-affect-organic-businesses\\\/#respond\"]}]},{\"@type\":\"WebPage\",\"@id\":\"http:\\\/\\\/ccof.org\\\/news\\\/new-california-labor-law-may-affect-organic-businesses\\\/\",\"url\":\"http:\\\/\\\/ccof.org\\\/news\\\/new-california-labor-law-may-affect-organic-businesses\\\/\",\"name\":\"New California Labor Law May Affect Organic Businesses - CCOF.org\",\"isPartOf\":{\"@id\":\"https:\\\/\\\/www.ccof.org\\\/#website\"},\"datePublished\":\"2020-01-13T20:14:00+00:00\",\"dateModified\":\"2024-04-23T21:06:41+00:00\",\"breadcrumb\":{\"@id\":\"http:\\\/\\\/ccof.org\\\/news\\\/new-california-labor-law-may-affect-organic-businesses\\\/#breadcrumb\"},\"inLanguage\":\"es-MX\",\"potentialAction\":[{\"@type\":\"ReadAction\",\"target\":[\"http:\\\/\\\/ccof.org\\\/news\\\/new-california-labor-law-may-affect-organic-businesses\\\/\"]}]},{\"@type\":\"BreadcrumbList\",\"@id\":\"http:\\\/\\\/ccof.org\\\/news\\\/new-california-labor-law-may-affect-organic-businesses\\\/#breadcrumb\",\"itemListElement\":[{\"@type\":\"ListItem\",\"position\":1,\"name\":\"Home\",\"item\":\"https:\\\/\\\/www.ccof.org\\\/\"},{\"@type\":\"ListItem\",\"position\":2,\"name\":\"New California Labor Law May Affect Organic Businesses\"}]},{\"@type\":\"WebSite\",\"@id\":\"https:\\\/\\\/www.ccof.org\\\/#website\",\"url\":\"https:\\\/\\\/www.ccof.org\\\/\",\"name\":\"CCOF.org\",\"description\":\"Help make organic the norm!\",\"publisher\":{\"@id\":\"https:\\\/\\\/www.ccof.org\\\/#organization\"},\"potentialAction\":[{\"@type\":\"SearchAction\",\"target\":{\"@type\":\"EntryPoint\",\"urlTemplate\":\"https:\\\/\\\/www.ccof.org\\\/?s={search_term_string}\"},\"query-input\":{\"@type\":\"PropertyValueSpecification\",\"valueRequired\":true,\"valueName\":\"search_term_string\"}}],\"inLanguage\":\"es-MX\"},{\"@type\":\"Organization\",\"@id\":\"https:\\\/\\\/www.ccof.org\\\/#organization\",\"name\":\"CCOF.org\",\"url\":\"https:\\\/\\\/www.ccof.org\\\/\",\"logo\":{\"@type\":\"ImageObject\",\"inLanguage\":\"es-MX\",\"@id\":\"https:\\\/\\\/www.ccof.org\\\/#\\\/schema\\\/logo\\\/image\\\/\",\"url\":\"https:\\\/\\\/www.ccof.org\\\/wp-content\\\/uploads\\\/2024\\\/02\\\/ccof-logo.svg\",\"contentUrl\":\"https:\\\/\\\/www.ccof.org\\\/wp-content\\\/uploads\\\/2024\\\/02\\\/ccof-logo.svg\",\"width\":85,\"height\":111,\"caption\":\"CCOF.org\"},\"image\":{\"@id\":\"https:\\\/\\\/www.ccof.org\\\/#\\\/schema\\\/logo\\\/image\\\/\"},\"sameAs\":[\"https:\\\/\\\/www.facebook.com\\\/CCOForganic\",\"https:\\\/\\\/www.youtube.com\\\/c\\\/CCOForganic\",\"https:\\\/\\\/www.instagram.com\\\/ccoforganic\\\/\"]},{\"@type\":\"Person\",\"@id\":\"https:\\\/\\\/www.ccof.org\\\/#\\\/schema\\\/person\\\/5ccd134e7ab95678db6afcb521a44e07\",\"name\":\"admin\",\"image\":{\"@type\":\"ImageObject\",\"inLanguage\":\"es-MX\",\"@id\":\"https:\\\/\\\/secure.gravatar.com\\\/avatar\\\/01a869e9508babcb1c66b6b41356b4ef63d5326e5b27c38b27ed4a46b8e36b9f?s=96&d=mm&r=g\",\"url\":\"https:\\\/\\\/secure.gravatar.com\\\/avatar\\\/01a869e9508babcb1c66b6b41356b4ef63d5326e5b27c38b27ed4a46b8e36b9f?s=96&d=mm&r=g\",\"contentUrl\":\"https:\\\/\\\/secure.gravatar.com\\\/avatar\\\/01a869e9508babcb1c66b6b41356b4ef63d5326e5b27c38b27ed4a46b8e36b9f?s=96&d=mm&r=g\",\"caption\":\"admin\"},\"sameAs\":[\"http:\\\/\\\/www.ccof.org\\\/wp\"]}]}<\/script>\n<!-- \/ Yoast SEO plugin. -->","yoast_head_json":{"title":"La nueva ley laboral de California podr\u00eda afectar a las empresas ecol\u00f3gicas - CCOF.org","robots":{"index":"index","follow":"follow","max-snippet":"max-snippet:-1","max-image-preview":"max-image-preview:large","max-video-preview":"max-video-preview:-1"},"canonical":"http:\/\/ccof.org\/es\/news\/new-california-labor-law-may-affect-organic-businesses\/","og_locale":"es_MX","og_type":"article","og_title":"New California Labor Law May Affect Organic Businesses - CCOF.org","og_description":"A newly implemented law will change the classification for many workers in California &hellip;","og_url":"http:\/\/ccof.org\/es\/news\/new-california-labor-law-may-affect-organic-businesses\/","og_site_name":"CCOF.org","article_publisher":"https:\/\/www.facebook.com\/CCOForganic","article_published_time":"2020-01-13T20:14:00+00:00","article_modified_time":"2024-04-23T21:06:41+00:00","author":"admin","twitter_card":"summary_large_image","twitter_misc":{"Written by":"admin","Est. reading time":"1 minute"},"schema":{"@context":"https:\/\/schema.org","@graph":[{"@type":"Article","@id":"http:\/\/ccof.org\/news\/new-california-labor-law-may-affect-organic-businesses\/#article","isPartOf":{"@id":"http:\/\/ccof.org\/news\/new-california-labor-law-may-affect-organic-businesses\/"},"author":{"name":"admin","@id":"https:\/\/www.ccof.org\/#\/schema\/person\/5ccd134e7ab95678db6afcb521a44e07"},"headline":"New California Labor Law May Affect Organic Businesses","datePublished":"2020-01-13T20:14:00+00:00","dateModified":"2024-04-23T21:06:41+00:00","mainEntityOfPage":{"@id":"http:\/\/ccof.org\/news\/new-california-labor-law-may-affect-organic-businesses\/"},"wordCount":207,"commentCount":0,"publisher":{"@id":"https:\/\/www.ccof.org\/#organization"},"articleSection":["Advocacy News"],"inLanguage":"es-MX","potentialAction":[{"@type":"CommentAction","name":"Comment","target":["http:\/\/ccof.org\/news\/new-california-labor-law-may-affect-organic-businesses\/#respond"]}]},{"@type":"WebPage","@id":"http:\/\/ccof.org\/news\/new-california-labor-law-may-affect-organic-businesses\/","url":"http:\/\/ccof.org\/news\/new-california-labor-law-may-affect-organic-businesses\/","name":"La nueva ley laboral de California podr\u00eda afectar a las empresas ecol\u00f3gicas - CCOF.org","isPartOf":{"@id":"https:\/\/www.ccof.org\/#website"},"datePublished":"2020-01-13T20:14:00+00:00","dateModified":"2024-04-23T21:06:41+00:00","breadcrumb":{"@id":"http:\/\/ccof.org\/news\/new-california-labor-law-may-affect-organic-businesses\/#breadcrumb"},"inLanguage":"es-MX","potentialAction":[{"@type":"ReadAction","target":["http:\/\/ccof.org\/news\/new-california-labor-law-may-affect-organic-businesses\/"]}]},{"@type":"BreadcrumbList","@id":"http:\/\/ccof.org\/news\/new-california-labor-law-may-affect-organic-businesses\/#breadcrumb","itemListElement":[{"@type":"ListItem","position":1,"name":"Home","item":"https:\/\/www.ccof.org\/"},{"@type":"ListItem","position":2,"name":"New California Labor Law May Affect Organic Businesses"}]},{"@type":"WebSite","@id":"https:\/\/www.ccof.org\/#website","url":"https:\/\/www.ccof.org\/","name":"CCOF.org","description":"\u00a1Ayude a que lo org\u00e1nico sea la norma!","publisher":{"@id":"https:\/\/www.ccof.org\/#organization"},"potentialAction":[{"@type":"SearchAction","target":{"@type":"EntryPoint","urlTemplate":"https:\/\/www.ccof.org\/?s={search_term_string}"},"query-input":{"@type":"PropertyValueSpecification","valueRequired":true,"valueName":"search_term_string"}}],"inLanguage":"es-MX"},{"@type":"Organization","@id":"https:\/\/www.ccof.org\/#organization","name":"CCOF.org","url":"https:\/\/www.ccof.org\/","logo":{"@type":"ImageObject","inLanguage":"es-MX","@id":"https:\/\/www.ccof.org\/#\/schema\/logo\/image\/","url":"https:\/\/www.ccof.org\/wp-content\/uploads\/2024\/02\/ccof-logo.svg","contentUrl":"https:\/\/www.ccof.org\/wp-content\/uploads\/2024\/02\/ccof-logo.svg","width":85,"height":111,"caption":"CCOF.org"},"image":{"@id":"https:\/\/www.ccof.org\/#\/schema\/logo\/image\/"},"sameAs":["https:\/\/www.facebook.com\/CCOForganic","https:\/\/www.youtube.com\/c\/CCOForganic","https:\/\/www.instagram.com\/ccoforganic\/"]},{"@type":"Person","@id":"https:\/\/www.ccof.org\/#\/schema\/person\/5ccd134e7ab95678db6afcb521a44e07","name":"admin","image":{"@type":"ImageObject","inLanguage":"es-MX","@id":"https:\/\/secure.gravatar.com\/avatar\/01a869e9508babcb1c66b6b41356b4ef63d5326e5b27c38b27ed4a46b8e36b9f?s=96&d=mm&r=g","url":"https:\/\/secure.gravatar.com\/avatar\/01a869e9508babcb1c66b6b41356b4ef63d5326e5b27c38b27ed4a46b8e36b9f?s=96&d=mm&r=g","contentUrl":"https:\/\/secure.gravatar.com\/avatar\/01a869e9508babcb1c66b6b41356b4ef63d5326e5b27c38b27ed4a46b8e36b9f?s=96&d=mm&r=g","caption":"admin"},"sameAs":["http:\/\/www.ccof.org\/wp"]}]}},"_links":{"self":[{"href":"https:\/\/ccof.org\/es\/wp-json\/wp\/v2\/posts\/33253","targetHints":{"allow":["GET"]}}],"collection":[{"href":"https:\/\/ccof.org\/es\/wp-json\/wp\/v2\/posts"}],"about":[{"href":"https:\/\/ccof.org\/es\/wp-json\/wp\/v2\/types\/post"}],"author":[{"embeddable":true,"href":"https:\/\/ccof.org\/es\/wp-json\/wp\/v2\/users\/1"}],"replies":[{"embeddable":true,"href":"https:\/\/ccof.org\/es\/wp-json\/wp\/v2\/comments?post=33253"}],"version-history":[{"count":2,"href":"https:\/\/ccof.org\/es\/wp-json\/wp\/v2\/posts\/33253\/revisions"}],"predecessor-version":[{"id":35923,"href":"https:\/\/ccof.org\/es\/wp-json\/wp\/v2\/posts\/33253\/revisions\/35923"}],"wp:attachment":[{"href":"https:\/\/ccof.org\/es\/wp-json\/wp\/v2\/media?parent=33253"}],"wp:term":[{"taxonomy":"category","embeddable":true,"href":"https:\/\/ccof.org\/es\/wp-json\/wp\/v2\/categories?post=33253"}],"curies":[{"name":"wp","href":"https:\/\/api.w.org\/{rel}","templated":true}]}}