{"id":33251,"date":"2020-01-13T20:21:51","date_gmt":"2020-01-13T20:21:51","guid":{"rendered":"https:\/\/www.ccof.org\/sean-feder-appointed-to-state-organic-advisory-board-meeting-scheduled-during-ecofarm\/"},"modified":"2024-04-23T21:06:40","modified_gmt":"2024-04-23T21:06:40","slug":"sean-feder-appointed-to-state-organic-advisory-board-meeting-scheduled-during-ecofarm","status":"publish","type":"post","link":"https:\/\/ccof.org\/es\/news\/sean-feder-appointed-to-state-organic-advisory-board-meeting-scheduled-during-ecofarm\/","title":{"rendered":"Sean Feder nombrado miembro del Consejo Asesor Estatal de Agricultura Ecol\u00f3gica; reuni\u00f3n programada durante EcoFarm"},"content":{"rendered":"<p>El Director de Servicios de Inspecci\u00f3n de CCOF, Sean Feder, ha sido nombrado por la Secretaria de Alimentaci\u00f3n y Agricultura de California, Karen Ross, para ocupar el puesto de certificador suplente en el Comit\u00e9 Asesor de Productos Org\u00e1nicos de California (COPAC).<\/p>\n<p>El COPAC asesora al secretario en materia de educaci\u00f3n, divulgaci\u00f3n y asistencia t\u00e9cnica para los productores org\u00e1nicos del estado. El comit\u00e9 est\u00e1 compuesto por 15 miembros principales m\u00e1s suplentes para cada puesto.\u00a0<\/p>\n<p>La limitaci\u00f3n de mandatos abri\u00f3 una serie de puestos de productores principales que se cubrieron con miembros suplentes. Los miembros del CCOF que ahora ocupan los puestos principales en el COPAC son Benjamin Diesl de Grimmway, Kaley Grimland de Mendoza de Sol Seeker Farm, Philip LaRocca de LaRocca Vineyards y Blake Alexandre de Alexandre Family Farm.\u00a0<\/p>\n<p>Vernon Peterson, de Abundant Harvest Organics, y Karen Archipley, de Archi's Acres, siguen ocupando los puestos de productores primarios, y Jeremy Johnson, de Traditional Medicinals, sigue representando a los transformadores. John McKeon, de Earthbound Farm, sigue siendo representante suplente de los productores.<\/p>\n<p>Los nuevos nombramientos crean numerosas vacantes en el COPAC para miembros suplentes, especialmente para productores y transformadores. Tambi\u00e9n quedan vacantes algunos puestos principales, como los de minoristas, t\u00e9cnicos y consumidores. Si est\u00e1 interesado en saber m\u00e1s sobre c\u00f3mo formar parte del COPAC, p\u00f3ngase en contacto con\u00a0<a       href=\"mailto:mailto:jsooby@ccof.org\">Jane Sooby<\/a>.<\/p>\n<p>El COPAC celebrar\u00e1 su primera reuni\u00f3n de 2020 el jueves 23 de enero, de 12.30 a 15.15 horas, en la Sala de Conferencias Scripps del Centro de Conferencias Asilomar, en Pacific Grove, durante la Conferencia EcoFarm.<\/p>\n<p>Los temas de discusi\u00f3n incluir\u00e1n actualizaciones del Programa Org\u00e1nico del Estado, las necesidades de procesamiento de los productores de aves de corral org\u00e1nicas, y c\u00f3mo la nueva ley estatal afecta a los empleados y contratistas independientes. El programa completo es el siguiente\u00a0<a       href=\"http:\/\/www.cdfa.ca.gov\/is\/uploader\/docs\/COPAC 1.23.20 Notice &#038; Agenda       .pdf\">publicado en l\u00ednea<\/a>.\u00a0<\/p>\n<p>Para m\u00e1s informaci\u00f3n sobre la reuni\u00f3n del COPAC, p\u00f3ngase en contacto con Mitchell King, Analista de Subdivisi\u00f3n, CDFA,\u00a0<a       href=\"mailto:Mitchell.King@cdfa.ca.gov\">Mitchell.King@cdfa.ca.gov<\/a>,       916-900-5210.<\/p>\n<figure class=\"content-image\"><\/figure>","protected":false},"excerpt":{"rendered":"<p>El Director de Servicios de Inspecci\u00f3n del CCOF, Sean Feder, ha sido nombrado por el Secretario ...<\/p>","protected":false},"author":1,"featured_media":0,"comment_status":"open","ping_status":"open","sticky":false,"template":"","format":"standard","meta":{"_acf_changed":false,"_relevanssi_hide_post":"","_relevanssi_hide_content":"","_relevanssi_pin_for_all":"","_relevanssi_pin_keywords":"","_relevanssi_unpin_keywords":"","_relevanssi_related_keywords":"","_relevanssi_related_include_ids":"","_relevanssi_related_exclude_ids":"","_relevanssi_related_no_append":"","_relevanssi_related_not_related":"","_relevanssi_related_posts":"","_relevanssi_noindex_reason":"","footnotes":""},"categories":[110],"class_list":["post-33251","post","type-post","status-publish","format-standard","hentry","category-advocacy-news","language-english","advocacy_campaigns-climate-solutions","advocacy_campaigns-farm-processor-viability","advocacy_campaigns-organic-transition"],"acf":[],"yoast_head":"<!-- This site is optimized with the Yoast SEO plugin v27.3 - https:\/\/yoast.com\/product\/yoast-seo-wordpress\/ -->\n<title>Sean Feder Appointed to State Organic Advisory Board; Meeting Scheduled During EcoFarm - CCOF.org<\/title>\n<meta name=\"robots\" content=\"index, follow, max-snippet:-1, max-image-preview:large, max-video-preview:-1\" \/>\n<link rel=\"canonical\" href=\"http:\/\/www.ccof.org\/es\/news\/sean-feder-appointed-to-state-organic-advisory-board-meeting-scheduled-during-ecofarm\/\" \/>\n<meta property=\"og:locale\" content=\"es_MX\" \/>\n<meta property=\"og:type\" content=\"article\" \/>\n<meta property=\"og:title\" content=\"Sean Feder Appointed to State Organic Advisory Board; Meeting Scheduled During EcoFarm - CCOF.org\" \/>\n<meta property=\"og:description\" content=\"CCOF\u2019s Director of Inspection Services Sean Feder has been appointed by California\u2019s Secretary &hellip;\" \/>\n<meta property=\"og:url\" content=\"http:\/\/www.ccof.org\/es\/news\/sean-feder-appointed-to-state-organic-advisory-board-meeting-scheduled-during-ecofarm\/\" \/>\n<meta property=\"og:site_name\" content=\"CCOF.org\" \/>\n<meta property=\"article:publisher\" content=\"https:\/\/www.facebook.com\/CCOForganic\" \/>\n<meta property=\"article:published_time\" content=\"2020-01-13T20:21:51+00:00\" \/>\n<meta property=\"article:modified_time\" content=\"2024-04-23T21:06:40+00:00\" \/>\n<meta name=\"author\" content=\"admin\" \/>\n<meta name=\"twitter:card\" content=\"summary_large_image\" \/>\n<meta name=\"twitter:label1\" content=\"Written by\" \/>\n\t<meta name=\"twitter:data1\" content=\"admin\" \/>\n\t<meta name=\"twitter:label2\" content=\"Est. reading time\" \/>\n\t<meta name=\"twitter:data2\" content=\"1 minute\" \/>\n<script type=\"application\/ld+json\" class=\"yoast-schema-graph\">{\"@context\":\"https:\\\/\\\/schema.org\",\"@graph\":[{\"@type\":\"Article\",\"@id\":\"http:\\\/\\\/www.ccof.org\\\/es\\\/news\\\/sean-feder-appointed-to-state-organic-advisory-board-meeting-scheduled-during-ecofarm\\\/#article\",\"isPartOf\":{\"@id\":\"http:\\\/\\\/www.ccof.org\\\/es\\\/news\\\/sean-feder-appointed-to-state-organic-advisory-board-meeting-scheduled-during-ecofarm\\\/\"},\"author\":{\"name\":\"admin\",\"@id\":\"https:\\\/\\\/www.ccof.org\\\/#\\\/schema\\\/person\\\/5ccd134e7ab95678db6afcb521a44e07\"},\"headline\":\"Sean Feder Appointed to State Organic Advisory Board; Meeting Scheduled During EcoFarm\",\"datePublished\":\"2020-01-13T20:21:51+00:00\",\"dateModified\":\"2024-04-23T21:06:40+00:00\",\"mainEntityOfPage\":{\"@id\":\"http:\\\/\\\/www.ccof.org\\\/es\\\/news\\\/sean-feder-appointed-to-state-organic-advisory-board-meeting-scheduled-during-ecofarm\\\/\"},\"wordCount\":290,\"commentCount\":0,\"publisher\":{\"@id\":\"https:\\\/\\\/www.ccof.org\\\/#organization\"},\"articleSection\":[\"Advocacy News\"],\"inLanguage\":\"es-MX\",\"potentialAction\":[{\"@type\":\"CommentAction\",\"name\":\"Comment\",\"target\":[\"http:\\\/\\\/www.ccof.org\\\/es\\\/news\\\/sean-feder-appointed-to-state-organic-advisory-board-meeting-scheduled-during-ecofarm\\\/#respond\"]}]},{\"@type\":\"WebPage\",\"@id\":\"http:\\\/\\\/www.ccof.org\\\/es\\\/news\\\/sean-feder-appointed-to-state-organic-advisory-board-meeting-scheduled-during-ecofarm\\\/\",\"url\":\"http:\\\/\\\/www.ccof.org\\\/es\\\/news\\\/sean-feder-appointed-to-state-organic-advisory-board-meeting-scheduled-during-ecofarm\\\/\",\"name\":\"Sean Feder Appointed to State Organic Advisory Board; Meeting Scheduled During EcoFarm - CCOF.org\",\"isPartOf\":{\"@id\":\"https:\\\/\\\/www.ccof.org\\\/#website\"},\"datePublished\":\"2020-01-13T20:21:51+00:00\",\"dateModified\":\"2024-04-23T21:06:40+00:00\",\"breadcrumb\":{\"@id\":\"http:\\\/\\\/www.ccof.org\\\/es\\\/news\\\/sean-feder-appointed-to-state-organic-advisory-board-meeting-scheduled-during-ecofarm\\\/#breadcrumb\"},\"inLanguage\":\"es-MX\",\"potentialAction\":[{\"@type\":\"ReadAction\",\"target\":[\"http:\\\/\\\/www.ccof.org\\\/es\\\/news\\\/sean-feder-appointed-to-state-organic-advisory-board-meeting-scheduled-during-ecofarm\\\/\"]}]},{\"@type\":\"BreadcrumbList\",\"@id\":\"http:\\\/\\\/www.ccof.org\\\/es\\\/news\\\/sean-feder-appointed-to-state-organic-advisory-board-meeting-scheduled-during-ecofarm\\\/#breadcrumb\",\"itemListElement\":[{\"@type\":\"ListItem\",\"position\":1,\"name\":\"Home\",\"item\":\"https:\\\/\\\/www.ccof.org\\\/\"},{\"@type\":\"ListItem\",\"position\":2,\"name\":\"Sean Feder Appointed to State Organic Advisory Board; Meeting Scheduled During EcoFarm\"}]},{\"@type\":\"WebSite\",\"@id\":\"https:\\\/\\\/www.ccof.org\\\/#website\",\"url\":\"https:\\\/\\\/www.ccof.org\\\/\",\"name\":\"CCOF.org\",\"description\":\"Help make organic the norm!\",\"publisher\":{\"@id\":\"https:\\\/\\\/www.ccof.org\\\/#organization\"},\"potentialAction\":[{\"@type\":\"SearchAction\",\"target\":{\"@type\":\"EntryPoint\",\"urlTemplate\":\"https:\\\/\\\/www.ccof.org\\\/?s={search_term_string}\"},\"query-input\":{\"@type\":\"PropertyValueSpecification\",\"valueRequired\":true,\"valueName\":\"search_term_string\"}}],\"inLanguage\":\"es-MX\"},{\"@type\":\"Organization\",\"@id\":\"https:\\\/\\\/www.ccof.org\\\/#organization\",\"name\":\"CCOF.org\",\"url\":\"https:\\\/\\\/www.ccof.org\\\/\",\"logo\":{\"@type\":\"ImageObject\",\"inLanguage\":\"es-MX\",\"@id\":\"https:\\\/\\\/www.ccof.org\\\/#\\\/schema\\\/logo\\\/image\\\/\",\"url\":\"https:\\\/\\\/www.ccof.org\\\/wp-content\\\/uploads\\\/2024\\\/02\\\/ccof-logo.svg\",\"contentUrl\":\"https:\\\/\\\/www.ccof.org\\\/wp-content\\\/uploads\\\/2024\\\/02\\\/ccof-logo.svg\",\"width\":85,\"height\":111,\"caption\":\"CCOF.org\"},\"image\":{\"@id\":\"https:\\\/\\\/www.ccof.org\\\/#\\\/schema\\\/logo\\\/image\\\/\"},\"sameAs\":[\"https:\\\/\\\/www.facebook.com\\\/CCOForganic\",\"https:\\\/\\\/www.youtube.com\\\/c\\\/CCOForganic\",\"https:\\\/\\\/www.instagram.com\\\/ccoforganic\\\/\"]},{\"@type\":\"Person\",\"@id\":\"https:\\\/\\\/www.ccof.org\\\/#\\\/schema\\\/person\\\/5ccd134e7ab95678db6afcb521a44e07\",\"name\":\"admin\",\"image\":{\"@type\":\"ImageObject\",\"inLanguage\":\"es-MX\",\"@id\":\"https:\\\/\\\/secure.gravatar.com\\\/avatar\\\/01a869e9508babcb1c66b6b41356b4ef63d5326e5b27c38b27ed4a46b8e36b9f?s=96&d=mm&r=g\",\"url\":\"https:\\\/\\\/secure.gravatar.com\\\/avatar\\\/01a869e9508babcb1c66b6b41356b4ef63d5326e5b27c38b27ed4a46b8e36b9f?s=96&d=mm&r=g\",\"contentUrl\":\"https:\\\/\\\/secure.gravatar.com\\\/avatar\\\/01a869e9508babcb1c66b6b41356b4ef63d5326e5b27c38b27ed4a46b8e36b9f?s=96&d=mm&r=g\",\"caption\":\"admin\"},\"sameAs\":[\"http:\\\/\\\/www.ccof.org\\\/wp\"]}]}<\/script>\n<!-- \/ Yoast SEO plugin. -->","yoast_head_json":{"title":"Sean Feder nombrado miembro del Consejo Asesor Estatal de Agricultura Ecol\u00f3gica; reuni\u00f3n programada durante EcoFarm - CCOF.org","robots":{"index":"index","follow":"follow","max-snippet":"max-snippet:-1","max-image-preview":"max-image-preview:large","max-video-preview":"max-video-preview:-1"},"canonical":"http:\/\/www.ccof.org\/es\/news\/sean-feder-appointed-to-state-organic-advisory-board-meeting-scheduled-during-ecofarm\/","og_locale":"es_MX","og_type":"article","og_title":"Sean Feder Appointed to State Organic Advisory Board; Meeting Scheduled During EcoFarm - CCOF.org","og_description":"CCOF\u2019s Director of Inspection Services Sean Feder has been appointed by California\u2019s Secretary &hellip;","og_url":"http:\/\/www.ccof.org\/es\/news\/sean-feder-appointed-to-state-organic-advisory-board-meeting-scheduled-during-ecofarm\/","og_site_name":"CCOF.org","article_publisher":"https:\/\/www.facebook.com\/CCOForganic","article_published_time":"2020-01-13T20:21:51+00:00","article_modified_time":"2024-04-23T21:06:40+00:00","author":"admin","twitter_card":"summary_large_image","twitter_misc":{"Written by":"admin","Est. reading time":"1 minute"},"schema":{"@context":"https:\/\/schema.org","@graph":[{"@type":"Article","@id":"http:\/\/www.ccof.org\/es\/news\/sean-feder-appointed-to-state-organic-advisory-board-meeting-scheduled-during-ecofarm\/#article","isPartOf":{"@id":"http:\/\/www.ccof.org\/es\/news\/sean-feder-appointed-to-state-organic-advisory-board-meeting-scheduled-during-ecofarm\/"},"author":{"name":"admin","@id":"https:\/\/www.ccof.org\/#\/schema\/person\/5ccd134e7ab95678db6afcb521a44e07"},"headline":"Sean Feder Appointed to State Organic Advisory Board; Meeting Scheduled During EcoFarm","datePublished":"2020-01-13T20:21:51+00:00","dateModified":"2024-04-23T21:06:40+00:00","mainEntityOfPage":{"@id":"http:\/\/www.ccof.org\/es\/news\/sean-feder-appointed-to-state-organic-advisory-board-meeting-scheduled-during-ecofarm\/"},"wordCount":290,"commentCount":0,"publisher":{"@id":"https:\/\/www.ccof.org\/#organization"},"articleSection":["Advocacy News"],"inLanguage":"es-MX","potentialAction":[{"@type":"CommentAction","name":"Comment","target":["http:\/\/www.ccof.org\/es\/news\/sean-feder-appointed-to-state-organic-advisory-board-meeting-scheduled-during-ecofarm\/#respond"]}]},{"@type":"WebPage","@id":"http:\/\/www.ccof.org\/es\/news\/sean-feder-appointed-to-state-organic-advisory-board-meeting-scheduled-during-ecofarm\/","url":"http:\/\/www.ccof.org\/es\/news\/sean-feder-appointed-to-state-organic-advisory-board-meeting-scheduled-during-ecofarm\/","name":"Sean Feder nombrado miembro del Consejo Asesor Estatal de Agricultura Ecol\u00f3gica; reuni\u00f3n programada durante EcoFarm - CCOF.org","isPartOf":{"@id":"https:\/\/www.ccof.org\/#website"},"datePublished":"2020-01-13T20:21:51+00:00","dateModified":"2024-04-23T21:06:40+00:00","breadcrumb":{"@id":"http:\/\/www.ccof.org\/es\/news\/sean-feder-appointed-to-state-organic-advisory-board-meeting-scheduled-during-ecofarm\/#breadcrumb"},"inLanguage":"es-MX","potentialAction":[{"@type":"ReadAction","target":["http:\/\/www.ccof.org\/es\/news\/sean-feder-appointed-to-state-organic-advisory-board-meeting-scheduled-during-ecofarm\/"]}]},{"@type":"BreadcrumbList","@id":"http:\/\/www.ccof.org\/es\/news\/sean-feder-appointed-to-state-organic-advisory-board-meeting-scheduled-during-ecofarm\/#breadcrumb","itemListElement":[{"@type":"ListItem","position":1,"name":"Home","item":"https:\/\/www.ccof.org\/"},{"@type":"ListItem","position":2,"name":"Sean Feder Appointed to State Organic Advisory Board; Meeting Scheduled During EcoFarm"}]},{"@type":"WebSite","@id":"https:\/\/www.ccof.org\/#website","url":"https:\/\/www.ccof.org\/","name":"CCOF.org","description":"\u00a1Ayude a que lo org\u00e1nico sea la norma!","publisher":{"@id":"https:\/\/www.ccof.org\/#organization"},"potentialAction":[{"@type":"SearchAction","target":{"@type":"EntryPoint","urlTemplate":"https:\/\/www.ccof.org\/?s={search_term_string}"},"query-input":{"@type":"PropertyValueSpecification","valueRequired":true,"valueName":"search_term_string"}}],"inLanguage":"es-MX"},{"@type":"Organization","@id":"https:\/\/www.ccof.org\/#organization","name":"CCOF.org","url":"https:\/\/www.ccof.org\/","logo":{"@type":"ImageObject","inLanguage":"es-MX","@id":"https:\/\/www.ccof.org\/#\/schema\/logo\/image\/","url":"https:\/\/www.ccof.org\/wp-content\/uploads\/2024\/02\/ccof-logo.svg","contentUrl":"https:\/\/www.ccof.org\/wp-content\/uploads\/2024\/02\/ccof-logo.svg","width":85,"height":111,"caption":"CCOF.org"},"image":{"@id":"https:\/\/www.ccof.org\/#\/schema\/logo\/image\/"},"sameAs":["https:\/\/www.facebook.com\/CCOForganic","https:\/\/www.youtube.com\/c\/CCOForganic","https:\/\/www.instagram.com\/ccoforganic\/"]},{"@type":"Person","@id":"https:\/\/www.ccof.org\/#\/schema\/person\/5ccd134e7ab95678db6afcb521a44e07","name":"admin","image":{"@type":"ImageObject","inLanguage":"es-MX","@id":"https:\/\/secure.gravatar.com\/avatar\/01a869e9508babcb1c66b6b41356b4ef63d5326e5b27c38b27ed4a46b8e36b9f?s=96&d=mm&r=g","url":"https:\/\/secure.gravatar.com\/avatar\/01a869e9508babcb1c66b6b41356b4ef63d5326e5b27c38b27ed4a46b8e36b9f?s=96&d=mm&r=g","contentUrl":"https:\/\/secure.gravatar.com\/avatar\/01a869e9508babcb1c66b6b41356b4ef63d5326e5b27c38b27ed4a46b8e36b9f?s=96&d=mm&r=g","caption":"admin"},"sameAs":["http:\/\/www.ccof.org\/wp"]}]}},"_links":{"self":[{"href":"https:\/\/ccof.org\/es\/wp-json\/wp\/v2\/posts\/33251","targetHints":{"allow":["GET"]}}],"collection":[{"href":"https:\/\/ccof.org\/es\/wp-json\/wp\/v2\/posts"}],"about":[{"href":"https:\/\/ccof.org\/es\/wp-json\/wp\/v2\/types\/post"}],"author":[{"embeddable":true,"href":"https:\/\/ccof.org\/es\/wp-json\/wp\/v2\/users\/1"}],"replies":[{"embeddable":true,"href":"https:\/\/ccof.org\/es\/wp-json\/wp\/v2\/comments?post=33251"}],"version-history":[{"count":2,"href":"https:\/\/ccof.org\/es\/wp-json\/wp\/v2\/posts\/33251\/revisions"}],"predecessor-version":[{"id":35921,"href":"https:\/\/ccof.org\/es\/wp-json\/wp\/v2\/posts\/33251\/revisions\/35921"}],"wp:attachment":[{"href":"https:\/\/ccof.org\/es\/wp-json\/wp\/v2\/media?parent=33251"}],"wp:term":[{"taxonomy":"category","embeddable":true,"href":"https:\/\/ccof.org\/es\/wp-json\/wp\/v2\/categories?post=33251"}],"curies":[{"name":"wp","href":"https:\/\/api.w.org\/{rel}","templated":true}]}}