{"id":32746,"date":"2012-04-18T18:59:16","date_gmt":"2012-04-18T18:59:16","guid":{"rendered":"https:\/\/www.ccof.org\/quebec-adopts-canadian-organic-standards\/"},"modified":"2025-08-12T19:28:35","modified_gmt":"2025-08-12T19:28:35","slug":"quebec-adopts-canadian-organic-standards","status":"publish","type":"post","link":"https:\/\/ccof.org\/es\/news\/quebec-adopts-canadian-organic-standards\/","title":{"rendered":"Quebec adopta las normas org\u00e1nicas canadienses"},"content":{"rendered":"<p>Quebec ha anunciado recientemente que, a partir del 1 de enero de 2012, adoptar\u00e1 las normas org\u00e1nicas canadienses y armonizar\u00e1 los requisitos de etiquetado entre la antigua norma provincial y la norma nacional canadiense. Los requisitos de etiquetado de Quebec son similares a las Normas Org\u00e1nicas Canadienses existentes, pero tienen detalles y especificidades adicionales. Para simplificar los procesos de los clientes, el CCOF eliminar\u00e1 en los pr\u00f3ximos meses el programa de cumplimiento de Quebec del actual programa de Acceso al Mercado Global. Entonces anotaremos cualquier requisito \u00fanico de etiquetado que se aplique s\u00f3lo a Quebec en nuestro programa de Acceso Global al Mercado. <a href=\"\/es\/node\/311\/\">Gu\u00eda para el etiquetado de productos ecol\u00f3gicos en Canad\u00e1<\/a>Sin embargo, no ser\u00e1 necesario mantener o verificar el cumplimiento de las normas de Quebec producto por producto. Este aspecto del programa de GMA se eliminar\u00e1 a principios de 2012.<\/p>","protected":false},"excerpt":{"rendered":"<p>Quebec ha anunciado recientemente que, a partir del 1 de enero de 2012, adoptar\u00e1 la ...<\/p>","protected":false},"author":1,"featured_media":0,"comment_status":"open","ping_status":"open","sticky":false,"template":"","format":"standard","meta":{"_acf_changed":false,"_relevanssi_hide_post":"","_relevanssi_hide_content":"","_relevanssi_pin_for_all":"","_relevanssi_pin_keywords":"","_relevanssi_unpin_keywords":"","_relevanssi_related_keywords":"","_relevanssi_related_include_ids":"0","_relevanssi_related_exclude_ids":"","_relevanssi_related_no_append":"","_relevanssi_related_not_related":"","_relevanssi_related_posts":"33965,32729,33938,62035,62038,62200,62702,33621,33876,32934","_relevanssi_noindex_reason":"","footnotes":""},"categories":[112],"class_list":["post-32746","post","type-post","status-publish","format-standard","hentry","category-certification-news","language-english","certifications-canada-organic-regime","certification_topics-canada-organic-regime-cor","certification_topics-program-standards"],"acf":[],"yoast_head":"<!-- This site is optimized with the Yoast SEO plugin v27.3 - https:\/\/yoast.com\/product\/yoast-seo-wordpress\/ -->\n<title>Quebec Adopts Canadian Organic Standards - CCOF.org<\/title>\n<meta name=\"robots\" content=\"index, follow, max-snippet:-1, max-image-preview:large, max-video-preview:-1\" \/>\n<link rel=\"canonical\" href=\"https:\/\/www.ccof.org\/es\/news\/quebec-adopts-canadian-organic-standards\/\" \/>\n<meta property=\"og:locale\" content=\"es_MX\" \/>\n<meta property=\"og:type\" content=\"article\" \/>\n<meta property=\"og:title\" content=\"Quebec Adopts Canadian Organic Standards - CCOF.org\" \/>\n<meta property=\"og:description\" content=\"Quebec recently announced that effective January 1, 2012, it will adopt the Canadian &hellip;\" \/>\n<meta property=\"og:url\" content=\"https:\/\/www.ccof.org\/es\/news\/quebec-adopts-canadian-organic-standards\/\" \/>\n<meta property=\"og:site_name\" content=\"CCOF.org\" \/>\n<meta property=\"article:publisher\" content=\"https:\/\/www.facebook.com\/CCOForganic\" \/>\n<meta property=\"article:published_time\" content=\"2012-04-18T18:59:16+00:00\" \/>\n<meta property=\"article:modified_time\" content=\"2025-08-12T19:28:35+00:00\" \/>\n<meta name=\"author\" content=\"admin\" \/>\n<meta name=\"twitter:card\" content=\"summary_large_image\" \/>\n<meta name=\"twitter:label1\" content=\"Written by\" \/>\n\t<meta name=\"twitter:data1\" content=\"admin\" \/>\n\t<meta name=\"twitter:label2\" content=\"Est. reading time\" \/>\n\t<meta name=\"twitter:data2\" content=\"1 minute\" \/>\n<script type=\"application\/ld+json\" class=\"yoast-schema-graph\">{\"@context\":\"https:\\\/\\\/schema.org\",\"@graph\":[{\"@type\":\"Article\",\"@id\":\"https:\\\/\\\/www.ccof.org\\\/es\\\/news\\\/quebec-adopts-canadian-organic-standards\\\/#article\",\"isPartOf\":{\"@id\":\"https:\\\/\\\/www.ccof.org\\\/es\\\/news\\\/quebec-adopts-canadian-organic-standards\\\/\"},\"author\":{\"name\":\"admin\",\"@id\":\"https:\\\/\\\/www.ccof.org\\\/#\\\/schema\\\/person\\\/5ccd134e7ab95678db6afcb521a44e07\"},\"headline\":\"Quebec Adopts Canadian Organic Standards\",\"datePublished\":\"2012-04-18T18:59:16+00:00\",\"dateModified\":\"2025-08-12T19:28:35+00:00\",\"mainEntityOfPage\":{\"@id\":\"https:\\\/\\\/www.ccof.org\\\/es\\\/news\\\/quebec-adopts-canadian-organic-standards\\\/\"},\"wordCount\":124,\"commentCount\":0,\"publisher\":{\"@id\":\"https:\\\/\\\/www.ccof.org\\\/#organization\"},\"articleSection\":[\"Certification News\"],\"inLanguage\":\"es-MX\",\"potentialAction\":[{\"@type\":\"CommentAction\",\"name\":\"Comment\",\"target\":[\"https:\\\/\\\/www.ccof.org\\\/es\\\/news\\\/quebec-adopts-canadian-organic-standards\\\/#respond\"]}]},{\"@type\":\"WebPage\",\"@id\":\"https:\\\/\\\/www.ccof.org\\\/es\\\/news\\\/quebec-adopts-canadian-organic-standards\\\/\",\"url\":\"https:\\\/\\\/www.ccof.org\\\/es\\\/news\\\/quebec-adopts-canadian-organic-standards\\\/\",\"name\":\"Quebec Adopts Canadian Organic Standards - CCOF.org\",\"isPartOf\":{\"@id\":\"https:\\\/\\\/www.ccof.org\\\/#website\"},\"datePublished\":\"2012-04-18T18:59:16+00:00\",\"dateModified\":\"2025-08-12T19:28:35+00:00\",\"breadcrumb\":{\"@id\":\"https:\\\/\\\/www.ccof.org\\\/es\\\/news\\\/quebec-adopts-canadian-organic-standards\\\/#breadcrumb\"},\"inLanguage\":\"es-MX\",\"potentialAction\":[{\"@type\":\"ReadAction\",\"target\":[\"https:\\\/\\\/www.ccof.org\\\/es\\\/news\\\/quebec-adopts-canadian-organic-standards\\\/\"]}]},{\"@type\":\"BreadcrumbList\",\"@id\":\"https:\\\/\\\/www.ccof.org\\\/es\\\/news\\\/quebec-adopts-canadian-organic-standards\\\/#breadcrumb\",\"itemListElement\":[{\"@type\":\"ListItem\",\"position\":1,\"name\":\"Home\",\"item\":\"https:\\\/\\\/www.ccof.org\\\/\"},{\"@type\":\"ListItem\",\"position\":2,\"name\":\"Quebec Adopts Canadian Organic Standards\"}]},{\"@type\":\"WebSite\",\"@id\":\"https:\\\/\\\/www.ccof.org\\\/#website\",\"url\":\"https:\\\/\\\/www.ccof.org\\\/\",\"name\":\"CCOF.org\",\"description\":\"Help make organic the norm!\",\"publisher\":{\"@id\":\"https:\\\/\\\/www.ccof.org\\\/#organization\"},\"potentialAction\":[{\"@type\":\"SearchAction\",\"target\":{\"@type\":\"EntryPoint\",\"urlTemplate\":\"https:\\\/\\\/www.ccof.org\\\/?s={search_term_string}\"},\"query-input\":{\"@type\":\"PropertyValueSpecification\",\"valueRequired\":true,\"valueName\":\"search_term_string\"}}],\"inLanguage\":\"es-MX\"},{\"@type\":\"Organization\",\"@id\":\"https:\\\/\\\/www.ccof.org\\\/#organization\",\"name\":\"CCOF.org\",\"url\":\"https:\\\/\\\/www.ccof.org\\\/\",\"logo\":{\"@type\":\"ImageObject\",\"inLanguage\":\"es-MX\",\"@id\":\"https:\\\/\\\/www.ccof.org\\\/#\\\/schema\\\/logo\\\/image\\\/\",\"url\":\"https:\\\/\\\/www.ccof.org\\\/wp-content\\\/uploads\\\/2024\\\/02\\\/ccof-logo.svg\",\"contentUrl\":\"https:\\\/\\\/www.ccof.org\\\/wp-content\\\/uploads\\\/2024\\\/02\\\/ccof-logo.svg\",\"width\":85,\"height\":111,\"caption\":\"CCOF.org\"},\"image\":{\"@id\":\"https:\\\/\\\/www.ccof.org\\\/#\\\/schema\\\/logo\\\/image\\\/\"},\"sameAs\":[\"https:\\\/\\\/www.facebook.com\\\/CCOForganic\",\"https:\\\/\\\/www.youtube.com\\\/c\\\/CCOForganic\",\"https:\\\/\\\/www.instagram.com\\\/ccoforganic\\\/\"]},{\"@type\":\"Person\",\"@id\":\"https:\\\/\\\/www.ccof.org\\\/#\\\/schema\\\/person\\\/5ccd134e7ab95678db6afcb521a44e07\",\"name\":\"admin\",\"image\":{\"@type\":\"ImageObject\",\"inLanguage\":\"es-MX\",\"@id\":\"https:\\\/\\\/secure.gravatar.com\\\/avatar\\\/01a869e9508babcb1c66b6b41356b4ef63d5326e5b27c38b27ed4a46b8e36b9f?s=96&d=mm&r=g\",\"url\":\"https:\\\/\\\/secure.gravatar.com\\\/avatar\\\/01a869e9508babcb1c66b6b41356b4ef63d5326e5b27c38b27ed4a46b8e36b9f?s=96&d=mm&r=g\",\"contentUrl\":\"https:\\\/\\\/secure.gravatar.com\\\/avatar\\\/01a869e9508babcb1c66b6b41356b4ef63d5326e5b27c38b27ed4a46b8e36b9f?s=96&d=mm&r=g\",\"caption\":\"admin\"},\"sameAs\":[\"http:\\\/\\\/www.ccof.org\\\/wp\"]}]}<\/script>\n<!-- \/ Yoast SEO plugin. -->","yoast_head_json":{"title":"Quebec adopta las normas ecol\u00f3gicas canadienses - CCOF.org","robots":{"index":"index","follow":"follow","max-snippet":"max-snippet:-1","max-image-preview":"max-image-preview:large","max-video-preview":"max-video-preview:-1"},"canonical":"https:\/\/www.ccof.org\/es\/news\/quebec-adopts-canadian-organic-standards\/","og_locale":"es_MX","og_type":"article","og_title":"Quebec Adopts Canadian Organic Standards - CCOF.org","og_description":"Quebec recently announced that effective January 1, 2012, it will adopt the Canadian &hellip;","og_url":"https:\/\/www.ccof.org\/es\/news\/quebec-adopts-canadian-organic-standards\/","og_site_name":"CCOF.org","article_publisher":"https:\/\/www.facebook.com\/CCOForganic","article_published_time":"2012-04-18T18:59:16+00:00","article_modified_time":"2025-08-12T19:28:35+00:00","author":"admin","twitter_card":"summary_large_image","twitter_misc":{"Written by":"admin","Est. reading time":"1 minute"},"schema":{"@context":"https:\/\/schema.org","@graph":[{"@type":"Article","@id":"https:\/\/www.ccof.org\/es\/news\/quebec-adopts-canadian-organic-standards\/#article","isPartOf":{"@id":"https:\/\/www.ccof.org\/es\/news\/quebec-adopts-canadian-organic-standards\/"},"author":{"name":"admin","@id":"https:\/\/www.ccof.org\/#\/schema\/person\/5ccd134e7ab95678db6afcb521a44e07"},"headline":"Quebec Adopts Canadian Organic Standards","datePublished":"2012-04-18T18:59:16+00:00","dateModified":"2025-08-12T19:28:35+00:00","mainEntityOfPage":{"@id":"https:\/\/www.ccof.org\/es\/news\/quebec-adopts-canadian-organic-standards\/"},"wordCount":124,"commentCount":0,"publisher":{"@id":"https:\/\/www.ccof.org\/#organization"},"articleSection":["Certification News"],"inLanguage":"es-MX","potentialAction":[{"@type":"CommentAction","name":"Comment","target":["https:\/\/www.ccof.org\/es\/news\/quebec-adopts-canadian-organic-standards\/#respond"]}]},{"@type":"WebPage","@id":"https:\/\/www.ccof.org\/es\/news\/quebec-adopts-canadian-organic-standards\/","url":"https:\/\/www.ccof.org\/es\/news\/quebec-adopts-canadian-organic-standards\/","name":"Quebec adopta las normas ecol\u00f3gicas canadienses - CCOF.org","isPartOf":{"@id":"https:\/\/www.ccof.org\/#website"},"datePublished":"2012-04-18T18:59:16+00:00","dateModified":"2025-08-12T19:28:35+00:00","breadcrumb":{"@id":"https:\/\/www.ccof.org\/es\/news\/quebec-adopts-canadian-organic-standards\/#breadcrumb"},"inLanguage":"es-MX","potentialAction":[{"@type":"ReadAction","target":["https:\/\/www.ccof.org\/es\/news\/quebec-adopts-canadian-organic-standards\/"]}]},{"@type":"BreadcrumbList","@id":"https:\/\/www.ccof.org\/es\/news\/quebec-adopts-canadian-organic-standards\/#breadcrumb","itemListElement":[{"@type":"ListItem","position":1,"name":"Home","item":"https:\/\/www.ccof.org\/"},{"@type":"ListItem","position":2,"name":"Quebec Adopts Canadian Organic Standards"}]},{"@type":"WebSite","@id":"https:\/\/www.ccof.org\/#website","url":"https:\/\/www.ccof.org\/","name":"CCOF.org","description":"\u00a1Ayude a que lo org\u00e1nico sea la norma!","publisher":{"@id":"https:\/\/www.ccof.org\/#organization"},"potentialAction":[{"@type":"SearchAction","target":{"@type":"EntryPoint","urlTemplate":"https:\/\/www.ccof.org\/?s={search_term_string}"},"query-input":{"@type":"PropertyValueSpecification","valueRequired":true,"valueName":"search_term_string"}}],"inLanguage":"es-MX"},{"@type":"Organization","@id":"https:\/\/www.ccof.org\/#organization","name":"CCOF.org","url":"https:\/\/www.ccof.org\/","logo":{"@type":"ImageObject","inLanguage":"es-MX","@id":"https:\/\/www.ccof.org\/#\/schema\/logo\/image\/","url":"https:\/\/www.ccof.org\/wp-content\/uploads\/2024\/02\/ccof-logo.svg","contentUrl":"https:\/\/www.ccof.org\/wp-content\/uploads\/2024\/02\/ccof-logo.svg","width":85,"height":111,"caption":"CCOF.org"},"image":{"@id":"https:\/\/www.ccof.org\/#\/schema\/logo\/image\/"},"sameAs":["https:\/\/www.facebook.com\/CCOForganic","https:\/\/www.youtube.com\/c\/CCOForganic","https:\/\/www.instagram.com\/ccoforganic\/"]},{"@type":"Person","@id":"https:\/\/www.ccof.org\/#\/schema\/person\/5ccd134e7ab95678db6afcb521a44e07","name":"admin","image":{"@type":"ImageObject","inLanguage":"es-MX","@id":"https:\/\/secure.gravatar.com\/avatar\/01a869e9508babcb1c66b6b41356b4ef63d5326e5b27c38b27ed4a46b8e36b9f?s=96&d=mm&r=g","url":"https:\/\/secure.gravatar.com\/avatar\/01a869e9508babcb1c66b6b41356b4ef63d5326e5b27c38b27ed4a46b8e36b9f?s=96&d=mm&r=g","contentUrl":"https:\/\/secure.gravatar.com\/avatar\/01a869e9508babcb1c66b6b41356b4ef63d5326e5b27c38b27ed4a46b8e36b9f?s=96&d=mm&r=g","caption":"admin"},"sameAs":["http:\/\/www.ccof.org\/wp"]}]}},"_links":{"self":[{"href":"https:\/\/ccof.org\/es\/wp-json\/wp\/v2\/posts\/32746","targetHints":{"allow":["GET"]}}],"collection":[{"href":"https:\/\/ccof.org\/es\/wp-json\/wp\/v2\/posts"}],"about":[{"href":"https:\/\/ccof.org\/es\/wp-json\/wp\/v2\/types\/post"}],"author":[{"embeddable":true,"href":"https:\/\/ccof.org\/es\/wp-json\/wp\/v2\/users\/1"}],"replies":[{"embeddable":true,"href":"https:\/\/ccof.org\/es\/wp-json\/wp\/v2\/comments?post=32746"}],"version-history":[{"count":4,"href":"https:\/\/ccof.org\/es\/wp-json\/wp\/v2\/posts\/32746\/revisions"}],"predecessor-version":[{"id":62907,"href":"https:\/\/ccof.org\/es\/wp-json\/wp\/v2\/posts\/32746\/revisions\/62907"}],"wp:attachment":[{"href":"https:\/\/ccof.org\/es\/wp-json\/wp\/v2\/media?parent=32746"}],"wp:term":[{"taxonomy":"category","embeddable":true,"href":"https:\/\/ccof.org\/es\/wp-json\/wp\/v2\/categories?post=32746"}],"curies":[{"name":"wp","href":"https:\/\/api.w.org\/{rel}","templated":true}]}}